{"id":10437,"date":"2022-06-23T14:53:35","date_gmt":"2022-06-23T14:53:35","guid":{"rendered":"https:\/\/www.jobup.ch\/?p=10437"},"modified":"2022-08-15T10:43:19","modified_gmt":"2022-08-15T10:43:19","slug":"sante-psychique-au-travail-comment-puis-je-agir","status":"publish","type":"post","link":"https:\/\/www.jobup.ch\/fr\/job-coach\/sante-psychique-au-travail-comment-puis-je-agir\/","title":{"rendered":"Sant\u00e9 psychique au travail : comment puis-je agir ?"},"content":{"rendered":"","protected":false},"excerpt":{"rendered":"","protected":false},"author":2,"featured_media":10438,"comment_status":"closed","ping_status":"closed","sticky":false,"template":"","format":"standard","meta":{"_acf_changed":false,"footnotes":""},"categories":[15,27,29],"tags":[961,962,800,963,964,965,852],"class_list":["post-10437","post","type-post","status-publish","format-standard","has-post-thumbnail","hentry","category-equilibre-vie-professionnelle-vie-privee","category-sante","category-vie-au-travail","tag-en-forme-au-travail","tag-gestion-du-stress","tag-sante","tag-sante-au-travail","tag-sante-mentale","tag-sante-psychique","tag-stress"],"acf":[],"yoast_head":"<!-- This site is optimized with the Yoast SEO plugin v27.2 - https:\/\/yoast.com\/product\/yoast-seo-wordpress\/ -->\n<title>Sant\u00e9 psychique au travail : comment puis-je agir ? - Bienvenue sur le Job Coach, le guide consacr\u00e9 \u00e0 la recherche d\u2019emploi en Suisse<\/title>\n<meta name=\"description\" content=\"Coronavirus, guerre en Ukraine, inflation... Tous ces facteurs ont une influence sur la sant\u00e9 mentale au travail. Comment r\u00e9agir ?\" \/>\n<meta name=\"robots\" content=\"index, follow, max-snippet:-1, max-image-preview:large, max-video-preview:-1\" \/>\n<link rel=\"canonical\" href=\"https:\/\/www.jobup.ch\/fr\/job-coach\/sante-psychique-au-travail-comment-puis-je-agir\/\" \/>\n<meta property=\"og:locale\" content=\"fr_FR\" \/>\n<meta property=\"og:type\" content=\"article\" \/>\n<meta property=\"og:title\" content=\"Sant\u00e9 psychique au travail : comment puis-je agir ? - Bienvenue sur le Job Coach, le guide consacr\u00e9 \u00e0 la recherche d\u2019emploi en Suisse\" \/>\n<meta property=\"og:description\" content=\"Coronavirus, guerre en Ukraine, inflation... Tous ces facteurs ont une influence sur la sant\u00e9 mentale au travail. Comment r\u00e9agir ?\" \/>\n<meta property=\"og:url\" content=\"https:\/\/www.jobup.ch\/fr\/job-coach\/sante-psychique-au-travail-comment-puis-je-agir\/\" \/>\n<meta property=\"og:site_name\" content=\"Bienvenue sur le Job Coach, le guide consacr\u00e9 \u00e0 la recherche d\u2019emploi en Suisse\" \/>\n<meta property=\"article:published_time\" content=\"2022-06-23T14:53:35+00:00\" \/>\n<meta property=\"article:modified_time\" content=\"2022-08-15T10:43:19+00:00\" \/>\n<meta property=\"og:image\" content=\"https:\/\/www.jobup.ch\/fr\/job-coach\/wp-content\/uploads\/2022\/08\/gesundheit-arbeit.jpeg\" \/>\n\t<meta property=\"og:image:width\" content=\"1022\" \/>\n\t<meta property=\"og:image:height\" content=\"447\" \/>\n\t<meta property=\"og:image:type\" content=\"image\/jpeg\" \/>\n<meta name=\"author\" content=\"Mathias Steger\" \/>\n<meta name=\"twitter:card\" content=\"summary_large_image\" \/>\n<meta name=\"twitter:label1\" content=\"\u00c9crit par\" \/>\n\t<meta name=\"twitter:data1\" content=\"Mathias Steger\" \/>\n<script type=\"application\/ld+json\" class=\"yoast-schema-graph\">{\"@context\":\"https:\/\/schema.org\",\"@graph\":[{\"@type\":\"Article\",\"@id\":\"https:\/\/www.jobup.ch\/fr\/job-coach\/sante-psychique-au-travail-comment-puis-je-agir\/#article\",\"isPartOf\":{\"@id\":\"https:\/\/www.jobup.ch\/fr\/job-coach\/sante-psychique-au-travail-comment-puis-je-agir\/\"},\"author\":{\"name\":\"Mathias Steger\",\"@id\":\"https:\/\/www.jobup.ch\/fr\/job-coach\/#\/schema\/person\/e232d5eccb0c0d0678507a0d814d2400\"},\"headline\":\"Sant\u00e9 psychique au travail : comment puis-je agir ?\",\"datePublished\":\"2022-06-23T14:53:35+00:00\",\"dateModified\":\"2022-08-15T10:43:19+00:00\",\"mainEntityOfPage\":{\"@id\":\"https:\/\/www.jobup.ch\/fr\/job-coach\/sante-psychique-au-travail-comment-puis-je-agir\/\"},\"wordCount\":7,\"image\":{\"@id\":\"https:\/\/www.jobup.ch\/fr\/job-coach\/sante-psychique-au-travail-comment-puis-je-agir\/#primaryimage\"},\"thumbnailUrl\":\"https:\/\/www.jobup.ch\/fr\/job-coach\/wp-content\/uploads\/2022\/08\/gesundheit-arbeit.jpeg\",\"keywords\":[\"en forme au travail\",\"gestion du stress\",\"sant\u00e9\",\"sant\u00e9 au travail\",\"sant\u00e9 mentale\",\"sant\u00e9 psychique\",\"Stress\"],\"articleSection\":[\"Equilibre vie professionnelle - vie priv\u00e9e\",\"Sant\u00e9\",\"Vie au travail\"],\"inLanguage\":\"fr-FR\"},{\"@type\":\"WebPage\",\"@id\":\"https:\/\/www.jobup.ch\/fr\/job-coach\/sante-psychique-au-travail-comment-puis-je-agir\/\",\"url\":\"https:\/\/www.jobup.ch\/fr\/job-coach\/sante-psychique-au-travail-comment-puis-je-agir\/\",\"name\":\"Sant\u00e9 psychique au travail : comment puis-je agir ? - Bienvenue sur le Job Coach, le guide consacr\u00e9 \u00e0 la recherche d\u2019emploi en Suisse\",\"isPartOf\":{\"@id\":\"https:\/\/www.jobup.ch\/fr\/job-coach\/#website\"},\"primaryImageOfPage\":{\"@id\":\"https:\/\/www.jobup.ch\/fr\/job-coach\/sante-psychique-au-travail-comment-puis-je-agir\/#primaryimage\"},\"image\":{\"@id\":\"https:\/\/www.jobup.ch\/fr\/job-coach\/sante-psychique-au-travail-comment-puis-je-agir\/#primaryimage\"},\"thumbnailUrl\":\"https:\/\/www.jobup.ch\/fr\/job-coach\/wp-content\/uploads\/2022\/08\/gesundheit-arbeit.jpeg\",\"datePublished\":\"2022-06-23T14:53:35+00:00\",\"dateModified\":\"2022-08-15T10:43:19+00:00\",\"author\":{\"@id\":\"https:\/\/www.jobup.ch\/fr\/job-coach\/#\/schema\/person\/e232d5eccb0c0d0678507a0d814d2400\"},\"description\":\"Coronavirus, guerre en Ukraine, inflation... Tous ces facteurs ont une influence sur la sant\u00e9 mentale au travail. Comment r\u00e9agir ?\",\"breadcrumb\":{\"@id\":\"https:\/\/www.jobup.ch\/fr\/job-coach\/sante-psychique-au-travail-comment-puis-je-agir\/#breadcrumb\"},\"inLanguage\":\"fr-FR\",\"potentialAction\":[{\"@type\":\"ReadAction\",\"target\":[\"https:\/\/www.jobup.ch\/fr\/job-coach\/sante-psychique-au-travail-comment-puis-je-agir\/\"]}]},{\"@type\":\"ImageObject\",\"inLanguage\":\"fr-FR\",\"@id\":\"https:\/\/www.jobup.ch\/fr\/job-coach\/sante-psychique-au-travail-comment-puis-je-agir\/#primaryimage\",\"url\":\"https:\/\/www.jobup.ch\/fr\/job-coach\/wp-content\/uploads\/2022\/08\/gesundheit-arbeit.jpeg\",\"contentUrl\":\"https:\/\/www.jobup.ch\/fr\/job-coach\/wp-content\/uploads\/2022\/08\/gesundheit-arbeit.jpeg\",\"width\":1022,\"height\":447},{\"@type\":\"BreadcrumbList\",\"@id\":\"https:\/\/www.jobup.ch\/fr\/job-coach\/sante-psychique-au-travail-comment-puis-je-agir\/#breadcrumb\",\"itemListElement\":[{\"@type\":\"ListItem\",\"position\":1,\"name\":\"Accueil\",\"item\":\"https:\/\/www.jobup.ch\/fr\/job-coach\/\"},{\"@type\":\"ListItem\",\"position\":2,\"name\":\"Sant\u00e9 psychique au travail : comment puis-je agir ?\"}]},{\"@type\":\"WebSite\",\"@id\":\"https:\/\/www.jobup.ch\/fr\/job-coach\/#website\",\"url\":\"https:\/\/www.jobup.ch\/fr\/job-coach\/\",\"name\":\"Bienvenue sur le Job Coach, le guide consacr\u00e9 \u00e0 la recherche d\u2019emploi en Suisse\",\"description\":\"jobup.ch Blog\",\"potentialAction\":[{\"@type\":\"SearchAction\",\"target\":{\"@type\":\"EntryPoint\",\"urlTemplate\":\"https:\/\/www.jobup.ch\/fr\/job-coach\/?s={search_term_string}\"},\"query-input\":{\"@type\":\"PropertyValueSpecification\",\"valueRequired\":true,\"valueName\":\"search_term_string\"}}],\"inLanguage\":\"fr-FR\"},{\"@type\":\"Person\",\"@id\":\"https:\/\/www.jobup.ch\/fr\/job-coach\/#\/schema\/person\/e232d5eccb0c0d0678507a0d814d2400\",\"name\":\"Mathias Steger\",\"image\":{\"@type\":\"ImageObject\",\"inLanguage\":\"fr-FR\",\"@id\":\"https:\/\/www.jobup.ch\/fr\/job-coach\/wp-content\/uploads\/2022\/09\/mathias-steger_avatar_1-96x96.jpeg\",\"url\":\"https:\/\/www.jobup.ch\/fr\/job-coach\/wp-content\/uploads\/2022\/09\/mathias-steger_avatar_1-96x96.jpeg\",\"contentUrl\":\"https:\/\/www.jobup.ch\/fr\/job-coach\/wp-content\/uploads\/2022\/09\/mathias-steger_avatar_1-96x96.jpeg\",\"caption\":\"Mathias Steger\"},\"description\":\"Depuis 2016, je r\u00e9dige des articles int\u00e9ressants pour le blog de jobup.ch, le Job Coach. C\u2019est avec beaucoup de plaisir que je transmets ma passion pour la communication et les langues \u00e0 travers notre blog, o\u00f9 je m\u2019adresse \u00e0 toutes les personnes qui sont en recherche d\u2019emploi ou qui sont ouvertes \u00e0 de nouveaux d\u00e9fis. Gr\u00e2ce \u00e0 mes \u00e9changes r\u00e9guliers avec le monde du recrutement et le secteur RH, je suis en mesure de vous faire partager mon savoir-faire ainsi que des conseils utiles, mais je vous propose \u00e9galement des interviews, des t\u00e9moignages ou des articles plus ludiques sur le th\u00e8me de l\u2019\u00e9quilibre vie professionnelle-vie priv\u00e9e.\",\"sameAs\":[\"https:\/\/www.linkedin.com\/in\/mathias-steger-52164a11b\/\"],\"url\":\"https:\/\/www.jobup.ch\/fr\/job-coach\/author\/mathias\/\"}]}<\/script>\n<!-- \/ Yoast SEO plugin. -->","yoast_head_json":{"title":"Sant\u00e9 psychique au travail : comment puis-je agir ? - Bienvenue sur le Job Coach, le guide consacr\u00e9 \u00e0 la recherche d\u2019emploi en Suisse","description":"Coronavirus, guerre en Ukraine, inflation... Tous ces facteurs ont une influence sur la sant\u00e9 mentale au travail. Comment r\u00e9agir ?","robots":{"index":"index","follow":"follow","max-snippet":"max-snippet:-1","max-image-preview":"max-image-preview:large","max-video-preview":"max-video-preview:-1"},"canonical":"https:\/\/www.jobup.ch\/fr\/job-coach\/sante-psychique-au-travail-comment-puis-je-agir\/","og_locale":"fr_FR","og_type":"article","og_title":"Sant\u00e9 psychique au travail : comment puis-je agir ? - Bienvenue sur le Job Coach, le guide consacr\u00e9 \u00e0 la recherche d\u2019emploi en Suisse","og_description":"Coronavirus, guerre en Ukraine, inflation... Tous ces facteurs ont une influence sur la sant\u00e9 mentale au travail. Comment r\u00e9agir ?","og_url":"https:\/\/www.jobup.ch\/fr\/job-coach\/sante-psychique-au-travail-comment-puis-je-agir\/","og_site_name":"Bienvenue sur le Job Coach, le guide consacr\u00e9 \u00e0 la recherche d\u2019emploi en Suisse","article_published_time":"2022-06-23T14:53:35+00:00","article_modified_time":"2022-08-15T10:43:19+00:00","og_image":[{"width":1022,"height":447,"url":"https:\/\/www.jobup.ch\/fr\/job-coach\/wp-content\/uploads\/2022\/08\/gesundheit-arbeit.jpeg","type":"image\/jpeg"}],"author":"Mathias Steger","twitter_card":"summary_large_image","twitter_misc":{"\u00c9crit par":"Mathias Steger"},"schema":{"@context":"https:\/\/schema.org","@graph":[{"@type":"Article","@id":"https:\/\/www.jobup.ch\/fr\/job-coach\/sante-psychique-au-travail-comment-puis-je-agir\/#article","isPartOf":{"@id":"https:\/\/www.jobup.ch\/fr\/job-coach\/sante-psychique-au-travail-comment-puis-je-agir\/"},"author":{"name":"Mathias Steger","@id":"https:\/\/www.jobup.ch\/fr\/job-coach\/#\/schema\/person\/e232d5eccb0c0d0678507a0d814d2400"},"headline":"Sant\u00e9 psychique au travail : comment puis-je agir ?","datePublished":"2022-06-23T14:53:35+00:00","dateModified":"2022-08-15T10:43:19+00:00","mainEntityOfPage":{"@id":"https:\/\/www.jobup.ch\/fr\/job-coach\/sante-psychique-au-travail-comment-puis-je-agir\/"},"wordCount":7,"image":{"@id":"https:\/\/www.jobup.ch\/fr\/job-coach\/sante-psychique-au-travail-comment-puis-je-agir\/#primaryimage"},"thumbnailUrl":"https:\/\/www.jobup.ch\/fr\/job-coach\/wp-content\/uploads\/2022\/08\/gesundheit-arbeit.jpeg","keywords":["en forme au travail","gestion du stress","sant\u00e9","sant\u00e9 au travail","sant\u00e9 mentale","sant\u00e9 psychique","Stress"],"articleSection":["Equilibre vie professionnelle - vie priv\u00e9e","Sant\u00e9","Vie au travail"],"inLanguage":"fr-FR"},{"@type":"WebPage","@id":"https:\/\/www.jobup.ch\/fr\/job-coach\/sante-psychique-au-travail-comment-puis-je-agir\/","url":"https:\/\/www.jobup.ch\/fr\/job-coach\/sante-psychique-au-travail-comment-puis-je-agir\/","name":"Sant\u00e9 psychique au travail : comment puis-je agir ? - Bienvenue sur le Job Coach, le guide consacr\u00e9 \u00e0 la recherche d\u2019emploi en Suisse","isPartOf":{"@id":"https:\/\/www.jobup.ch\/fr\/job-coach\/#website"},"primaryImageOfPage":{"@id":"https:\/\/www.jobup.ch\/fr\/job-coach\/sante-psychique-au-travail-comment-puis-je-agir\/#primaryimage"},"image":{"@id":"https:\/\/www.jobup.ch\/fr\/job-coach\/sante-psychique-au-travail-comment-puis-je-agir\/#primaryimage"},"thumbnailUrl":"https:\/\/www.jobup.ch\/fr\/job-coach\/wp-content\/uploads\/2022\/08\/gesundheit-arbeit.jpeg","datePublished":"2022-06-23T14:53:35+00:00","dateModified":"2022-08-15T10:43:19+00:00","author":{"@id":"https:\/\/www.jobup.ch\/fr\/job-coach\/#\/schema\/person\/e232d5eccb0c0d0678507a0d814d2400"},"description":"Coronavirus, guerre en Ukraine, inflation... Tous ces facteurs ont une influence sur la sant\u00e9 mentale au travail. Comment r\u00e9agir ?","breadcrumb":{"@id":"https:\/\/www.jobup.ch\/fr\/job-coach\/sante-psychique-au-travail-comment-puis-je-agir\/#breadcrumb"},"inLanguage":"fr-FR","potentialAction":[{"@type":"ReadAction","target":["https:\/\/www.jobup.ch\/fr\/job-coach\/sante-psychique-au-travail-comment-puis-je-agir\/"]}]},{"@type":"ImageObject","inLanguage":"fr-FR","@id":"https:\/\/www.jobup.ch\/fr\/job-coach\/sante-psychique-au-travail-comment-puis-je-agir\/#primaryimage","url":"https:\/\/www.jobup.ch\/fr\/job-coach\/wp-content\/uploads\/2022\/08\/gesundheit-arbeit.jpeg","contentUrl":"https:\/\/www.jobup.ch\/fr\/job-coach\/wp-content\/uploads\/2022\/08\/gesundheit-arbeit.jpeg","width":1022,"height":447},{"@type":"BreadcrumbList","@id":"https:\/\/www.jobup.ch\/fr\/job-coach\/sante-psychique-au-travail-comment-puis-je-agir\/#breadcrumb","itemListElement":[{"@type":"ListItem","position":1,"name":"Accueil","item":"https:\/\/www.jobup.ch\/fr\/job-coach\/"},{"@type":"ListItem","position":2,"name":"Sant\u00e9 psychique au travail : comment puis-je agir ?"}]},{"@type":"WebSite","@id":"https:\/\/www.jobup.ch\/fr\/job-coach\/#website","url":"https:\/\/www.jobup.ch\/fr\/job-coach\/","name":"Bienvenue sur le Job Coach, le guide consacr\u00e9 \u00e0 la recherche d\u2019emploi en Suisse","description":"jobup.ch Blog","potentialAction":[{"@type":"SearchAction","target":{"@type":"EntryPoint","urlTemplate":"https:\/\/www.jobup.ch\/fr\/job-coach\/?s={search_term_string}"},"query-input":{"@type":"PropertyValueSpecification","valueRequired":true,"valueName":"search_term_string"}}],"inLanguage":"fr-FR"},{"@type":"Person","@id":"https:\/\/www.jobup.ch\/fr\/job-coach\/#\/schema\/person\/e232d5eccb0c0d0678507a0d814d2400","name":"Mathias Steger","image":{"@type":"ImageObject","inLanguage":"fr-FR","@id":"https:\/\/www.jobup.ch\/fr\/job-coach\/wp-content\/uploads\/2022\/09\/mathias-steger_avatar_1-96x96.jpeg","url":"https:\/\/www.jobup.ch\/fr\/job-coach\/wp-content\/uploads\/2022\/09\/mathias-steger_avatar_1-96x96.jpeg","contentUrl":"https:\/\/www.jobup.ch\/fr\/job-coach\/wp-content\/uploads\/2022\/09\/mathias-steger_avatar_1-96x96.jpeg","caption":"Mathias Steger"},"description":"Depuis 2016, je r\u00e9dige des articles int\u00e9ressants pour le blog de jobup.ch, le Job Coach. C\u2019est avec beaucoup de plaisir que je transmets ma passion pour la communication et les langues \u00e0 travers notre blog, o\u00f9 je m\u2019adresse \u00e0 toutes les personnes qui sont en recherche d\u2019emploi ou qui sont ouvertes \u00e0 de nouveaux d\u00e9fis. Gr\u00e2ce \u00e0 mes \u00e9changes r\u00e9guliers avec le monde du recrutement et le secteur RH, je suis en mesure de vous faire partager mon savoir-faire ainsi que des conseils utiles, mais je vous propose \u00e9galement des interviews, des t\u00e9moignages ou des articles plus ludiques sur le th\u00e8me de l\u2019\u00e9quilibre vie professionnelle-vie priv\u00e9e.","sameAs":["https:\/\/www.linkedin.com\/in\/mathias-steger-52164a11b\/"],"url":"https:\/\/www.jobup.ch\/fr\/job-coach\/author\/mathias\/"}]}},"_links":{"self":[{"href":"https:\/\/www.jobup.ch\/fr\/job-coach\/wp-json\/wp\/v2\/posts\/10437","targetHints":{"allow":["GET"]}}],"collection":[{"href":"https:\/\/www.jobup.ch\/fr\/job-coach\/wp-json\/wp\/v2\/posts"}],"about":[{"href":"https:\/\/www.jobup.ch\/fr\/job-coach\/wp-json\/wp\/v2\/types\/post"}],"author":[{"embeddable":true,"href":"https:\/\/www.jobup.ch\/fr\/job-coach\/wp-json\/wp\/v2\/users\/2"}],"replies":[{"embeddable":true,"href":"https:\/\/www.jobup.ch\/fr\/job-coach\/wp-json\/wp\/v2\/comments?post=10437"}],"version-history":[{"count":0,"href":"https:\/\/www.jobup.ch\/fr\/job-coach\/wp-json\/wp\/v2\/posts\/10437\/revisions"}],"wp:featuredmedia":[{"embeddable":true,"href":"https:\/\/www.jobup.ch\/fr\/job-coach\/wp-json\/wp\/v2\/media\/10438"}],"wp:attachment":[{"href":"https:\/\/www.jobup.ch\/fr\/job-coach\/wp-json\/wp\/v2\/media?parent=10437"}],"wp:term":[{"taxonomy":"category","embeddable":true,"href":"https:\/\/www.jobup.ch\/fr\/job-coach\/wp-json\/wp\/v2\/categories?post=10437"},{"taxonomy":"post_tag","embeddable":true,"href":"https:\/\/www.jobup.ch\/fr\/job-coach\/wp-json\/wp\/v2\/tags?post=10437"}],"curies":[{"name":"wp","href":"https:\/\/api.w.org\/{rel}","templated":true}]}}