{"id":12011,"date":"2024-12-12T07:30:00","date_gmt":"2024-12-12T05:30:00","guid":{"rendered":"https:\/\/www.jobup.ch\/fr\/job-coach\/?p=12011"},"modified":"2025-01-16T17:12:44","modified_gmt":"2025-01-16T15:12:44","slug":"travailler-entre-la-fin-dannee-et-le-debut-de-la-nouvelle-annee-est-ce-une-bonne-idee","status":"publish","type":"post","link":"https:\/\/www.jobup.ch\/fr\/job-coach\/travailler-entre-la-fin-dannee-et-le-debut-de-la-nouvelle-annee-est-ce-une-bonne-idee\/","title":{"rendered":"Travailler entre la fin d\u2019ann\u00e9e et le d\u00e9but de la nouvelle ann\u00e9e : est-ce une bonne id\u00e9e ?"},"content":{"rendered":"","protected":false},"excerpt":{"rendered":"","protected":false},"author":52,"featured_media":12012,"comment_status":"open","ping_status":"open","sticky":false,"template":"","format":"standard","meta":{"_acf_changed":false,"footnotes":""},"categories":[29],"tags":[1229],"class_list":["post-12011","post","type-post","status-publish","format-standard","has-post-thumbnail","hentry","category-vie-au-travail","tag-seasonal"],"acf":[],"yoast_head":"<!-- This site is optimized with the Yoast SEO plugin v27.2 - https:\/\/yoast.com\/product\/yoast-seo-wordpress\/ -->\n<title>3 raisons pour lesquelles travailler ou non en fin d&#039;ann\u00e9e<\/title>\n<meta name=\"description\" content=\"Si vous devez travailler entre le No\u00ebl et le Nouvel An , tirez-en le meilleur parti gr\u00e2ce \u00e0 une bonne organisation !\" \/>\n<meta name=\"robots\" content=\"index, follow, max-snippet:-1, max-image-preview:large, max-video-preview:-1\" \/>\n<link rel=\"canonical\" href=\"https:\/\/www.jobup.ch\/fr\/job-coach\/travailler-entre-la-fin-dannee-et-le-debut-de-la-nouvelle-annee-est-ce-une-bonne-idee\/\" \/>\n<meta property=\"og:locale\" content=\"fr_FR\" \/>\n<meta property=\"og:type\" content=\"article\" \/>\n<meta property=\"og:title\" content=\"3 raisons pour lesquelles travailler ou non en fin d&#039;ann\u00e9e\" \/>\n<meta property=\"og:description\" content=\"Si vous devez travailler entre le No\u00ebl et le Nouvel An , tirez-en le meilleur parti gr\u00e2ce \u00e0 une bonne organisation !\" \/>\n<meta property=\"og:url\" content=\"https:\/\/www.jobup.ch\/fr\/job-coach\/travailler-entre-la-fin-dannee-et-le-debut-de-la-nouvelle-annee-est-ce-une-bonne-idee\/\" \/>\n<meta property=\"og:site_name\" content=\"Bienvenue sur le Job Coach, le guide consacr\u00e9 \u00e0 la recherche d\u2019emploi en Suisse\" \/>\n<meta property=\"article:published_time\" content=\"2024-12-12T05:30:00+00:00\" \/>\n<meta property=\"article:modified_time\" content=\"2025-01-16T15:12:44+00:00\" \/>\n<meta property=\"og:image\" content=\"https:\/\/www.jobup.ch\/fr\/job-coach\/wp-content\/uploads\/2024\/12\/12-12-zwischen-den-jahren-schaffenai-generated.jpg\" \/>\n\t<meta property=\"og:image:width\" content=\"1888\" \/>\n\t<meta property=\"og:image:height\" content=\"640\" \/>\n\t<meta property=\"og:image:type\" content=\"image\/jpeg\" \/>\n<meta name=\"author\" content=\"Carmen Favre\" \/>\n<meta name=\"twitter:card\" content=\"summary_large_image\" \/>\n<meta name=\"twitter:label1\" content=\"\u00c9crit par\" \/>\n\t<meta name=\"twitter:data1\" content=\"Carmen Favre\" \/>\n\t<meta name=\"twitter:label2\" content=\"Dur\u00e9e de lecture estim\u00e9e\" \/>\n\t<meta name=\"twitter:data2\" content=\"1 minute\" \/>\n<script type=\"application\/ld+json\" class=\"yoast-schema-graph\">{\"@context\":\"https:\/\/schema.org\",\"@graph\":[{\"@type\":\"Article\",\"@id\":\"https:\/\/www.jobup.ch\/fr\/job-coach\/travailler-entre-la-fin-dannee-et-le-debut-de-la-nouvelle-annee-est-ce-une-bonne-idee\/#article\",\"isPartOf\":{\"@id\":\"https:\/\/www.jobup.ch\/fr\/job-coach\/travailler-entre-la-fin-dannee-et-le-debut-de-la-nouvelle-annee-est-ce-une-bonne-idee\/\"},\"author\":{\"name\":\"Carmen Favre\",\"@id\":\"https:\/\/www.jobup.ch\/fr\/job-coach\/#\/schema\/person\/75b9c60c5bd530f1f27b1606618c98f8\"},\"headline\":\"Travailler entre la fin d\u2019ann\u00e9e et le d\u00e9but de la nouvelle ann\u00e9e : est-ce une bonne id\u00e9e ?\",\"datePublished\":\"2024-12-12T05:30:00+00:00\",\"dateModified\":\"2025-01-16T15:12:44+00:00\",\"mainEntityOfPage\":{\"@id\":\"https:\/\/www.jobup.ch\/fr\/job-coach\/travailler-entre-la-fin-dannee-et-le-debut-de-la-nouvelle-annee-est-ce-une-bonne-idee\/\"},\"wordCount\":21,\"commentCount\":0,\"image\":{\"@id\":\"https:\/\/www.jobup.ch\/fr\/job-coach\/travailler-entre-la-fin-dannee-et-le-debut-de-la-nouvelle-annee-est-ce-une-bonne-idee\/#primaryimage\"},\"thumbnailUrl\":\"https:\/\/www.jobup.ch\/fr\/job-coach\/wp-content\/uploads\/2024\/12\/12-12-zwischen-den-jahren-schaffenai-generated.jpg\",\"keywords\":[\"seasonal\"],\"articleSection\":[\"Vie au travail\"],\"inLanguage\":\"fr-FR\",\"potentialAction\":[{\"@type\":\"CommentAction\",\"name\":\"Comment\",\"target\":[\"https:\/\/www.jobup.ch\/fr\/job-coach\/travailler-entre-la-fin-dannee-et-le-debut-de-la-nouvelle-annee-est-ce-une-bonne-idee\/#respond\"]}]},{\"@type\":\"WebPage\",\"@id\":\"https:\/\/www.jobup.ch\/fr\/job-coach\/travailler-entre-la-fin-dannee-et-le-debut-de-la-nouvelle-annee-est-ce-une-bonne-idee\/\",\"url\":\"https:\/\/www.jobup.ch\/fr\/job-coach\/travailler-entre-la-fin-dannee-et-le-debut-de-la-nouvelle-annee-est-ce-une-bonne-idee\/\",\"name\":\"3 raisons pour lesquelles travailler ou non en fin d'ann\u00e9e\",\"isPartOf\":{\"@id\":\"https:\/\/www.jobup.ch\/fr\/job-coach\/#website\"},\"primaryImageOfPage\":{\"@id\":\"https:\/\/www.jobup.ch\/fr\/job-coach\/travailler-entre-la-fin-dannee-et-le-debut-de-la-nouvelle-annee-est-ce-une-bonne-idee\/#primaryimage\"},\"image\":{\"@id\":\"https:\/\/www.jobup.ch\/fr\/job-coach\/travailler-entre-la-fin-dannee-et-le-debut-de-la-nouvelle-annee-est-ce-une-bonne-idee\/#primaryimage\"},\"thumbnailUrl\":\"https:\/\/www.jobup.ch\/fr\/job-coach\/wp-content\/uploads\/2024\/12\/12-12-zwischen-den-jahren-schaffenai-generated.jpg\",\"datePublished\":\"2024-12-12T05:30:00+00:00\",\"dateModified\":\"2025-01-16T15:12:44+00:00\",\"author\":{\"@id\":\"https:\/\/www.jobup.ch\/fr\/job-coach\/#\/schema\/person\/75b9c60c5bd530f1f27b1606618c98f8\"},\"description\":\"Si vous devez travailler entre le No\u00ebl et le Nouvel An , tirez-en le meilleur parti gr\u00e2ce \u00e0 une bonne organisation !\",\"breadcrumb\":{\"@id\":\"https:\/\/www.jobup.ch\/fr\/job-coach\/travailler-entre-la-fin-dannee-et-le-debut-de-la-nouvelle-annee-est-ce-une-bonne-idee\/#breadcrumb\"},\"inLanguage\":\"fr-FR\",\"potentialAction\":[{\"@type\":\"ReadAction\",\"target\":[\"https:\/\/www.jobup.ch\/fr\/job-coach\/travailler-entre-la-fin-dannee-et-le-debut-de-la-nouvelle-annee-est-ce-une-bonne-idee\/\"]}]},{\"@type\":\"ImageObject\",\"inLanguage\":\"fr-FR\",\"@id\":\"https:\/\/www.jobup.ch\/fr\/job-coach\/travailler-entre-la-fin-dannee-et-le-debut-de-la-nouvelle-annee-est-ce-une-bonne-idee\/#primaryimage\",\"url\":\"https:\/\/www.jobup.ch\/fr\/job-coach\/wp-content\/uploads\/2024\/12\/12-12-zwischen-den-jahren-schaffenai-generated.jpg\",\"contentUrl\":\"https:\/\/www.jobup.ch\/fr\/job-coach\/wp-content\/uploads\/2024\/12\/12-12-zwischen-den-jahren-schaffenai-generated.jpg\",\"width\":1888,\"height\":640},{\"@type\":\"BreadcrumbList\",\"@id\":\"https:\/\/www.jobup.ch\/fr\/job-coach\/travailler-entre-la-fin-dannee-et-le-debut-de-la-nouvelle-annee-est-ce-une-bonne-idee\/#breadcrumb\",\"itemListElement\":[{\"@type\":\"ListItem\",\"position\":1,\"name\":\"Accueil\",\"item\":\"https:\/\/www.jobup.ch\/fr\/job-coach\/\"},{\"@type\":\"ListItem\",\"position\":2,\"name\":\"Travailler entre la fin d\u2019ann\u00e9e et le d\u00e9but de la nouvelle ann\u00e9e : est-ce une bonne id\u00e9e ?\"}]},{\"@type\":\"WebSite\",\"@id\":\"https:\/\/www.jobup.ch\/fr\/job-coach\/#website\",\"url\":\"https:\/\/www.jobup.ch\/fr\/job-coach\/\",\"name\":\"Bienvenue sur le Job Coach, le guide consacr\u00e9 \u00e0 la recherche d\u2019emploi en Suisse\",\"description\":\"jobup.ch Blog\",\"potentialAction\":[{\"@type\":\"SearchAction\",\"target\":{\"@type\":\"EntryPoint\",\"urlTemplate\":\"https:\/\/www.jobup.ch\/fr\/job-coach\/?s={search_term_string}\"},\"query-input\":{\"@type\":\"PropertyValueSpecification\",\"valueRequired\":true,\"valueName\":\"search_term_string\"}}],\"inLanguage\":\"fr-FR\"},{\"@type\":\"Person\",\"@id\":\"https:\/\/www.jobup.ch\/fr\/job-coach\/#\/schema\/person\/75b9c60c5bd530f1f27b1606618c98f8\",\"name\":\"Carmen Favre\",\"image\":{\"@type\":\"ImageObject\",\"inLanguage\":\"fr-FR\",\"@id\":\"https:\/\/secure.gravatar.com\/avatar\/385df2b87668de6f41a4cba11f041d6b9b2ca98cd4c9381729185823d37f3218?s=96&d=mm&r=g\",\"url\":\"https:\/\/secure.gravatar.com\/avatar\/385df2b87668de6f41a4cba11f041d6b9b2ca98cd4c9381729185823d37f3218?s=96&d=mm&r=g\",\"contentUrl\":\"https:\/\/secure.gravatar.com\/avatar\/385df2b87668de6f41a4cba11f041d6b9b2ca98cd4c9381729185823d37f3218?s=96&d=mm&r=g\",\"caption\":\"Carmen Favre\"},\"url\":\"https:\/\/www.jobup.ch\/fr\/job-coach\/author\/cfavre\/\"}]}<\/script>\n<!-- \/ Yoast SEO plugin. -->","yoast_head_json":{"title":"3 raisons pour lesquelles travailler ou non en fin d'ann\u00e9e","description":"Si vous devez travailler entre le No\u00ebl et le Nouvel An , tirez-en le meilleur parti gr\u00e2ce \u00e0 une bonne organisation !","robots":{"index":"index","follow":"follow","max-snippet":"max-snippet:-1","max-image-preview":"max-image-preview:large","max-video-preview":"max-video-preview:-1"},"canonical":"https:\/\/www.jobup.ch\/fr\/job-coach\/travailler-entre-la-fin-dannee-et-le-debut-de-la-nouvelle-annee-est-ce-une-bonne-idee\/","og_locale":"fr_FR","og_type":"article","og_title":"3 raisons pour lesquelles travailler ou non en fin d'ann\u00e9e","og_description":"Si vous devez travailler entre le No\u00ebl et le Nouvel An , tirez-en le meilleur parti gr\u00e2ce \u00e0 une bonne organisation !","og_url":"https:\/\/www.jobup.ch\/fr\/job-coach\/travailler-entre-la-fin-dannee-et-le-debut-de-la-nouvelle-annee-est-ce-une-bonne-idee\/","og_site_name":"Bienvenue sur le Job Coach, le guide consacr\u00e9 \u00e0 la recherche d\u2019emploi en Suisse","article_published_time":"2024-12-12T05:30:00+00:00","article_modified_time":"2025-01-16T15:12:44+00:00","og_image":[{"width":1888,"height":640,"url":"https:\/\/www.jobup.ch\/fr\/job-coach\/wp-content\/uploads\/2024\/12\/12-12-zwischen-den-jahren-schaffenai-generated.jpg","type":"image\/jpeg"}],"author":"Carmen Favre","twitter_card":"summary_large_image","twitter_misc":{"\u00c9crit par":"Carmen Favre","Dur\u00e9e de lecture estim\u00e9e":"1 minute"},"schema":{"@context":"https:\/\/schema.org","@graph":[{"@type":"Article","@id":"https:\/\/www.jobup.ch\/fr\/job-coach\/travailler-entre-la-fin-dannee-et-le-debut-de-la-nouvelle-annee-est-ce-une-bonne-idee\/#article","isPartOf":{"@id":"https:\/\/www.jobup.ch\/fr\/job-coach\/travailler-entre-la-fin-dannee-et-le-debut-de-la-nouvelle-annee-est-ce-une-bonne-idee\/"},"author":{"name":"Carmen Favre","@id":"https:\/\/www.jobup.ch\/fr\/job-coach\/#\/schema\/person\/75b9c60c5bd530f1f27b1606618c98f8"},"headline":"Travailler entre la fin d\u2019ann\u00e9e et le d\u00e9but de la nouvelle ann\u00e9e : est-ce une bonne id\u00e9e ?","datePublished":"2024-12-12T05:30:00+00:00","dateModified":"2025-01-16T15:12:44+00:00","mainEntityOfPage":{"@id":"https:\/\/www.jobup.ch\/fr\/job-coach\/travailler-entre-la-fin-dannee-et-le-debut-de-la-nouvelle-annee-est-ce-une-bonne-idee\/"},"wordCount":21,"commentCount":0,"image":{"@id":"https:\/\/www.jobup.ch\/fr\/job-coach\/travailler-entre-la-fin-dannee-et-le-debut-de-la-nouvelle-annee-est-ce-une-bonne-idee\/#primaryimage"},"thumbnailUrl":"https:\/\/www.jobup.ch\/fr\/job-coach\/wp-content\/uploads\/2024\/12\/12-12-zwischen-den-jahren-schaffenai-generated.jpg","keywords":["seasonal"],"articleSection":["Vie au travail"],"inLanguage":"fr-FR","potentialAction":[{"@type":"CommentAction","name":"Comment","target":["https:\/\/www.jobup.ch\/fr\/job-coach\/travailler-entre-la-fin-dannee-et-le-debut-de-la-nouvelle-annee-est-ce-une-bonne-idee\/#respond"]}]},{"@type":"WebPage","@id":"https:\/\/www.jobup.ch\/fr\/job-coach\/travailler-entre-la-fin-dannee-et-le-debut-de-la-nouvelle-annee-est-ce-une-bonne-idee\/","url":"https:\/\/www.jobup.ch\/fr\/job-coach\/travailler-entre-la-fin-dannee-et-le-debut-de-la-nouvelle-annee-est-ce-une-bonne-idee\/","name":"3 raisons pour lesquelles travailler ou non en fin d'ann\u00e9e","isPartOf":{"@id":"https:\/\/www.jobup.ch\/fr\/job-coach\/#website"},"primaryImageOfPage":{"@id":"https:\/\/www.jobup.ch\/fr\/job-coach\/travailler-entre-la-fin-dannee-et-le-debut-de-la-nouvelle-annee-est-ce-une-bonne-idee\/#primaryimage"},"image":{"@id":"https:\/\/www.jobup.ch\/fr\/job-coach\/travailler-entre-la-fin-dannee-et-le-debut-de-la-nouvelle-annee-est-ce-une-bonne-idee\/#primaryimage"},"thumbnailUrl":"https:\/\/www.jobup.ch\/fr\/job-coach\/wp-content\/uploads\/2024\/12\/12-12-zwischen-den-jahren-schaffenai-generated.jpg","datePublished":"2024-12-12T05:30:00+00:00","dateModified":"2025-01-16T15:12:44+00:00","author":{"@id":"https:\/\/www.jobup.ch\/fr\/job-coach\/#\/schema\/person\/75b9c60c5bd530f1f27b1606618c98f8"},"description":"Si vous devez travailler entre le No\u00ebl et le Nouvel An , tirez-en le meilleur parti gr\u00e2ce \u00e0 une bonne organisation !","breadcrumb":{"@id":"https:\/\/www.jobup.ch\/fr\/job-coach\/travailler-entre-la-fin-dannee-et-le-debut-de-la-nouvelle-annee-est-ce-une-bonne-idee\/#breadcrumb"},"inLanguage":"fr-FR","potentialAction":[{"@type":"ReadAction","target":["https:\/\/www.jobup.ch\/fr\/job-coach\/travailler-entre-la-fin-dannee-et-le-debut-de-la-nouvelle-annee-est-ce-une-bonne-idee\/"]}]},{"@type":"ImageObject","inLanguage":"fr-FR","@id":"https:\/\/www.jobup.ch\/fr\/job-coach\/travailler-entre-la-fin-dannee-et-le-debut-de-la-nouvelle-annee-est-ce-une-bonne-idee\/#primaryimage","url":"https:\/\/www.jobup.ch\/fr\/job-coach\/wp-content\/uploads\/2024\/12\/12-12-zwischen-den-jahren-schaffenai-generated.jpg","contentUrl":"https:\/\/www.jobup.ch\/fr\/job-coach\/wp-content\/uploads\/2024\/12\/12-12-zwischen-den-jahren-schaffenai-generated.jpg","width":1888,"height":640},{"@type":"BreadcrumbList","@id":"https:\/\/www.jobup.ch\/fr\/job-coach\/travailler-entre-la-fin-dannee-et-le-debut-de-la-nouvelle-annee-est-ce-une-bonne-idee\/#breadcrumb","itemListElement":[{"@type":"ListItem","position":1,"name":"Accueil","item":"https:\/\/www.jobup.ch\/fr\/job-coach\/"},{"@type":"ListItem","position":2,"name":"Travailler entre la fin d\u2019ann\u00e9e et le d\u00e9but de la nouvelle ann\u00e9e : est-ce une bonne id\u00e9e ?"}]},{"@type":"WebSite","@id":"https:\/\/www.jobup.ch\/fr\/job-coach\/#website","url":"https:\/\/www.jobup.ch\/fr\/job-coach\/","name":"Bienvenue sur le Job Coach, le guide consacr\u00e9 \u00e0 la recherche d\u2019emploi en Suisse","description":"jobup.ch Blog","potentialAction":[{"@type":"SearchAction","target":{"@type":"EntryPoint","urlTemplate":"https:\/\/www.jobup.ch\/fr\/job-coach\/?s={search_term_string}"},"query-input":{"@type":"PropertyValueSpecification","valueRequired":true,"valueName":"search_term_string"}}],"inLanguage":"fr-FR"},{"@type":"Person","@id":"https:\/\/www.jobup.ch\/fr\/job-coach\/#\/schema\/person\/75b9c60c5bd530f1f27b1606618c98f8","name":"Carmen Favre","image":{"@type":"ImageObject","inLanguage":"fr-FR","@id":"https:\/\/secure.gravatar.com\/avatar\/385df2b87668de6f41a4cba11f041d6b9b2ca98cd4c9381729185823d37f3218?s=96&d=mm&r=g","url":"https:\/\/secure.gravatar.com\/avatar\/385df2b87668de6f41a4cba11f041d6b9b2ca98cd4c9381729185823d37f3218?s=96&d=mm&r=g","contentUrl":"https:\/\/secure.gravatar.com\/avatar\/385df2b87668de6f41a4cba11f041d6b9b2ca98cd4c9381729185823d37f3218?s=96&d=mm&r=g","caption":"Carmen Favre"},"url":"https:\/\/www.jobup.ch\/fr\/job-coach\/author\/cfavre\/"}]}},"_links":{"self":[{"href":"https:\/\/www.jobup.ch\/fr\/job-coach\/wp-json\/wp\/v2\/posts\/12011","targetHints":{"allow":["GET"]}}],"collection":[{"href":"https:\/\/www.jobup.ch\/fr\/job-coach\/wp-json\/wp\/v2\/posts"}],"about":[{"href":"https:\/\/www.jobup.ch\/fr\/job-coach\/wp-json\/wp\/v2\/types\/post"}],"author":[{"embeddable":true,"href":"https:\/\/www.jobup.ch\/fr\/job-coach\/wp-json\/wp\/v2\/users\/52"}],"replies":[{"embeddable":true,"href":"https:\/\/www.jobup.ch\/fr\/job-coach\/wp-json\/wp\/v2\/comments?post=12011"}],"version-history":[{"count":0,"href":"https:\/\/www.jobup.ch\/fr\/job-coach\/wp-json\/wp\/v2\/posts\/12011\/revisions"}],"wp:featuredmedia":[{"embeddable":true,"href":"https:\/\/www.jobup.ch\/fr\/job-coach\/wp-json\/wp\/v2\/media\/12012"}],"wp:attachment":[{"href":"https:\/\/www.jobup.ch\/fr\/job-coach\/wp-json\/wp\/v2\/media?parent=12011"}],"wp:term":[{"taxonomy":"category","embeddable":true,"href":"https:\/\/www.jobup.ch\/fr\/job-coach\/wp-json\/wp\/v2\/categories?post=12011"},{"taxonomy":"post_tag","embeddable":true,"href":"https:\/\/www.jobup.ch\/fr\/job-coach\/wp-json\/wp\/v2\/tags?post=12011"}],"curies":[{"name":"wp","href":"https:\/\/api.w.org\/{rel}","templated":true}]}}