{"id":12020,"date":"2025-12-24T07:30:00","date_gmt":"2025-12-24T05:30:00","guid":{"rendered":"https:\/\/www.jobup.ch\/fr\/job-coach\/?p=12020"},"modified":"2026-01-02T11:15:41","modified_gmt":"2026-01-02T09:15:41","slug":"noel-au-travail-dedicace-aux-heros-et-aux-heroines-des-fetes","status":"publish","type":"post","link":"https:\/\/www.jobup.ch\/fr\/job-coach\/noel-au-travail-dedicace-aux-heros-et-aux-heroines-des-fetes\/","title":{"rendered":"Les f\u00eates au travail : hommage \u00e0 toutes les h\u00e9ro\u00efnes et tous les h\u00e9ros de ces moments particuliers\u202f!"},"content":{"rendered":"","protected":false},"excerpt":{"rendered":"","protected":false},"author":52,"featured_media":13263,"comment_status":"open","ping_status":"open","sticky":false,"template":"","format":"standard","meta":{"_acf_changed":false,"footnotes":""},"categories":[29],"tags":[1229],"class_list":["post-12020","post","type-post","status-publish","format-standard","has-post-thumbnail","hentry","category-vie-au-travail","tag-seasonal"],"acf":[],"yoast_head":"<!-- This site is optimized with the Yoast SEO plugin v27.2 - https:\/\/yoast.com\/product\/yoast-seo-wordpress\/ -->\n<title>Conseils et remerciements pour ceux qui travaillent \u00e0 No\u00ebl<\/title>\n<meta name=\"description\" content=\"Travailler le jour de No\u00ebl n\u2019est pas toujours facile et vous \u00eates pourtant nombreux\u00b7se\u00b7s dans ce cas-l\u00e0. Cet article vous est donc d\u00e9di\u00e9 !\" \/>\n<meta name=\"robots\" content=\"index, follow, max-snippet:-1, max-image-preview:large, max-video-preview:-1\" \/>\n<link rel=\"canonical\" href=\"https:\/\/www.jobup.ch\/fr\/job-coach\/noel-au-travail-dedicace-aux-heros-et-aux-heroines-des-fetes\/\" \/>\n<meta property=\"og:locale\" content=\"fr_FR\" \/>\n<meta property=\"og:type\" content=\"article\" \/>\n<meta property=\"og:title\" content=\"Conseils et remerciements pour ceux qui travaillent \u00e0 No\u00ebl\" \/>\n<meta property=\"og:description\" content=\"Travailler le jour de No\u00ebl n\u2019est pas toujours facile et vous \u00eates pourtant nombreux\u00b7se\u00b7s dans ce cas-l\u00e0. Cet article vous est donc d\u00e9di\u00e9 !\" \/>\n<meta property=\"og:url\" content=\"https:\/\/www.jobup.ch\/fr\/job-coach\/noel-au-travail-dedicace-aux-heros-et-aux-heroines-des-fetes\/\" \/>\n<meta property=\"og:site_name\" content=\"Bienvenue sur le Job Coach, le guide consacr\u00e9 \u00e0 la recherche d\u2019emploi en Suisse\" \/>\n<meta property=\"article:published_time\" content=\"2025-12-24T05:30:00+00:00\" \/>\n<meta property=\"article:modified_time\" content=\"2026-01-02T09:15:41+00:00\" \/>\n<meta property=\"og:image\" content=\"https:\/\/www.jobup.ch\/fr\/job-coach\/wp-content\/uploads\/2025\/12\/care-worker-1024x670.png\" \/>\n\t<meta property=\"og:image:width\" content=\"1024\" \/>\n\t<meta property=\"og:image:height\" content=\"670\" \/>\n\t<meta property=\"og:image:type\" content=\"image\/png\" \/>\n<meta name=\"author\" content=\"Carmen Favre\" \/>\n<meta name=\"twitter:card\" content=\"summary_large_image\" \/>\n<meta name=\"twitter:label1\" content=\"\u00c9crit par\" \/>\n\t<meta name=\"twitter:data1\" content=\"Carmen Favre\" \/>\n\t<meta name=\"twitter:label2\" content=\"Dur\u00e9e de lecture estim\u00e9e\" \/>\n\t<meta name=\"twitter:data2\" content=\"1 minute\" \/>\n<script type=\"application\/ld+json\" class=\"yoast-schema-graph\">{\"@context\":\"https:\/\/schema.org\",\"@graph\":[{\"@type\":\"Article\",\"@id\":\"https:\/\/www.jobup.ch\/fr\/job-coach\/noel-au-travail-dedicace-aux-heros-et-aux-heroines-des-fetes\/#article\",\"isPartOf\":{\"@id\":\"https:\/\/www.jobup.ch\/fr\/job-coach\/noel-au-travail-dedicace-aux-heros-et-aux-heroines-des-fetes\/\"},\"author\":{\"name\":\"Carmen Favre\",\"@id\":\"https:\/\/www.jobup.ch\/fr\/job-coach\/#\/schema\/person\/75b9c60c5bd530f1f27b1606618c98f8\"},\"headline\":\"Les f\u00eates au travail : hommage \u00e0 toutes les h\u00e9ro\u00efnes et tous les h\u00e9ros de ces moments particuliers\u202f!\",\"datePublished\":\"2025-12-24T05:30:00+00:00\",\"dateModified\":\"2026-01-02T09:15:41+00:00\",\"mainEntityOfPage\":{\"@id\":\"https:\/\/www.jobup.ch\/fr\/job-coach\/noel-au-travail-dedicace-aux-heros-et-aux-heroines-des-fetes\/\"},\"wordCount\":20,\"commentCount\":0,\"image\":{\"@id\":\"https:\/\/www.jobup.ch\/fr\/job-coach\/noel-au-travail-dedicace-aux-heros-et-aux-heroines-des-fetes\/#primaryimage\"},\"thumbnailUrl\":\"https:\/\/www.jobup.ch\/fr\/job-coach\/wp-content\/uploads\/2025\/12\/care-worker-scaled.png\",\"keywords\":[\"seasonal\"],\"articleSection\":[\"Vie au travail\"],\"inLanguage\":\"fr-FR\",\"potentialAction\":[{\"@type\":\"CommentAction\",\"name\":\"Comment\",\"target\":[\"https:\/\/www.jobup.ch\/fr\/job-coach\/noel-au-travail-dedicace-aux-heros-et-aux-heroines-des-fetes\/#respond\"]}]},{\"@type\":\"WebPage\",\"@id\":\"https:\/\/www.jobup.ch\/fr\/job-coach\/noel-au-travail-dedicace-aux-heros-et-aux-heroines-des-fetes\/\",\"url\":\"https:\/\/www.jobup.ch\/fr\/job-coach\/noel-au-travail-dedicace-aux-heros-et-aux-heroines-des-fetes\/\",\"name\":\"Conseils et remerciements pour ceux qui travaillent \u00e0 No\u00ebl\",\"isPartOf\":{\"@id\":\"https:\/\/www.jobup.ch\/fr\/job-coach\/#website\"},\"primaryImageOfPage\":{\"@id\":\"https:\/\/www.jobup.ch\/fr\/job-coach\/noel-au-travail-dedicace-aux-heros-et-aux-heroines-des-fetes\/#primaryimage\"},\"image\":{\"@id\":\"https:\/\/www.jobup.ch\/fr\/job-coach\/noel-au-travail-dedicace-aux-heros-et-aux-heroines-des-fetes\/#primaryimage\"},\"thumbnailUrl\":\"https:\/\/www.jobup.ch\/fr\/job-coach\/wp-content\/uploads\/2025\/12\/care-worker-scaled.png\",\"datePublished\":\"2025-12-24T05:30:00+00:00\",\"dateModified\":\"2026-01-02T09:15:41+00:00\",\"author\":{\"@id\":\"https:\/\/www.jobup.ch\/fr\/job-coach\/#\/schema\/person\/75b9c60c5bd530f1f27b1606618c98f8\"},\"description\":\"Travailler le jour de No\u00ebl n\u2019est pas toujours facile et vous \u00eates pourtant nombreux\u00b7se\u00b7s dans ce cas-l\u00e0. Cet article vous est donc d\u00e9di\u00e9 !\",\"breadcrumb\":{\"@id\":\"https:\/\/www.jobup.ch\/fr\/job-coach\/noel-au-travail-dedicace-aux-heros-et-aux-heroines-des-fetes\/#breadcrumb\"},\"inLanguage\":\"fr-FR\",\"potentialAction\":[{\"@type\":\"ReadAction\",\"target\":[\"https:\/\/www.jobup.ch\/fr\/job-coach\/noel-au-travail-dedicace-aux-heros-et-aux-heroines-des-fetes\/\"]}]},{\"@type\":\"ImageObject\",\"inLanguage\":\"fr-FR\",\"@id\":\"https:\/\/www.jobup.ch\/fr\/job-coach\/noel-au-travail-dedicace-aux-heros-et-aux-heroines-des-fetes\/#primaryimage\",\"url\":\"https:\/\/www.jobup.ch\/fr\/job-coach\/wp-content\/uploads\/2025\/12\/care-worker-scaled.png\",\"contentUrl\":\"https:\/\/www.jobup.ch\/fr\/job-coach\/wp-content\/uploads\/2025\/12\/care-worker-scaled.png\",\"width\":2560,\"height\":1676},{\"@type\":\"BreadcrumbList\",\"@id\":\"https:\/\/www.jobup.ch\/fr\/job-coach\/noel-au-travail-dedicace-aux-heros-et-aux-heroines-des-fetes\/#breadcrumb\",\"itemListElement\":[{\"@type\":\"ListItem\",\"position\":1,\"name\":\"Accueil\",\"item\":\"https:\/\/www.jobup.ch\/fr\/job-coach\/\"},{\"@type\":\"ListItem\",\"position\":2,\"name\":\"Les f\u00eates au travail : hommage \u00e0 toutes les h\u00e9ro\u00efnes et tous les h\u00e9ros de ces moments particuliers\u202f!\"}]},{\"@type\":\"WebSite\",\"@id\":\"https:\/\/www.jobup.ch\/fr\/job-coach\/#website\",\"url\":\"https:\/\/www.jobup.ch\/fr\/job-coach\/\",\"name\":\"Bienvenue sur le Job Coach, le guide consacr\u00e9 \u00e0 la recherche d\u2019emploi en Suisse\",\"description\":\"jobup.ch Blog\",\"potentialAction\":[{\"@type\":\"SearchAction\",\"target\":{\"@type\":\"EntryPoint\",\"urlTemplate\":\"https:\/\/www.jobup.ch\/fr\/job-coach\/?s={search_term_string}\"},\"query-input\":{\"@type\":\"PropertyValueSpecification\",\"valueRequired\":true,\"valueName\":\"search_term_string\"}}],\"inLanguage\":\"fr-FR\"},{\"@type\":\"Person\",\"@id\":\"https:\/\/www.jobup.ch\/fr\/job-coach\/#\/schema\/person\/75b9c60c5bd530f1f27b1606618c98f8\",\"name\":\"Carmen Favre\",\"image\":{\"@type\":\"ImageObject\",\"inLanguage\":\"fr-FR\",\"@id\":\"https:\/\/secure.gravatar.com\/avatar\/385df2b87668de6f41a4cba11f041d6b9b2ca98cd4c9381729185823d37f3218?s=96&d=mm&r=g\",\"url\":\"https:\/\/secure.gravatar.com\/avatar\/385df2b87668de6f41a4cba11f041d6b9b2ca98cd4c9381729185823d37f3218?s=96&d=mm&r=g\",\"contentUrl\":\"https:\/\/secure.gravatar.com\/avatar\/385df2b87668de6f41a4cba11f041d6b9b2ca98cd4c9381729185823d37f3218?s=96&d=mm&r=g\",\"caption\":\"Carmen Favre\"},\"url\":\"https:\/\/www.jobup.ch\/fr\/job-coach\/author\/cfavre\/\"}]}<\/script>\n<!-- \/ Yoast SEO plugin. -->","yoast_head_json":{"title":"Conseils et remerciements pour ceux qui travaillent \u00e0 No\u00ebl","description":"Travailler le jour de No\u00ebl n\u2019est pas toujours facile et vous \u00eates pourtant nombreux\u00b7se\u00b7s dans ce cas-l\u00e0. Cet article vous est donc d\u00e9di\u00e9 !","robots":{"index":"index","follow":"follow","max-snippet":"max-snippet:-1","max-image-preview":"max-image-preview:large","max-video-preview":"max-video-preview:-1"},"canonical":"https:\/\/www.jobup.ch\/fr\/job-coach\/noel-au-travail-dedicace-aux-heros-et-aux-heroines-des-fetes\/","og_locale":"fr_FR","og_type":"article","og_title":"Conseils et remerciements pour ceux qui travaillent \u00e0 No\u00ebl","og_description":"Travailler le jour de No\u00ebl n\u2019est pas toujours facile et vous \u00eates pourtant nombreux\u00b7se\u00b7s dans ce cas-l\u00e0. Cet article vous est donc d\u00e9di\u00e9 !","og_url":"https:\/\/www.jobup.ch\/fr\/job-coach\/noel-au-travail-dedicace-aux-heros-et-aux-heroines-des-fetes\/","og_site_name":"Bienvenue sur le Job Coach, le guide consacr\u00e9 \u00e0 la recherche d\u2019emploi en Suisse","article_published_time":"2025-12-24T05:30:00+00:00","article_modified_time":"2026-01-02T09:15:41+00:00","og_image":[{"width":1024,"height":670,"url":"https:\/\/www.jobup.ch\/fr\/job-coach\/wp-content\/uploads\/2025\/12\/care-worker-1024x670.png","type":"image\/png"}],"author":"Carmen Favre","twitter_card":"summary_large_image","twitter_misc":{"\u00c9crit par":"Carmen Favre","Dur\u00e9e de lecture estim\u00e9e":"1 minute"},"schema":{"@context":"https:\/\/schema.org","@graph":[{"@type":"Article","@id":"https:\/\/www.jobup.ch\/fr\/job-coach\/noel-au-travail-dedicace-aux-heros-et-aux-heroines-des-fetes\/#article","isPartOf":{"@id":"https:\/\/www.jobup.ch\/fr\/job-coach\/noel-au-travail-dedicace-aux-heros-et-aux-heroines-des-fetes\/"},"author":{"name":"Carmen Favre","@id":"https:\/\/www.jobup.ch\/fr\/job-coach\/#\/schema\/person\/75b9c60c5bd530f1f27b1606618c98f8"},"headline":"Les f\u00eates au travail : hommage \u00e0 toutes les h\u00e9ro\u00efnes et tous les h\u00e9ros de ces moments particuliers\u202f!","datePublished":"2025-12-24T05:30:00+00:00","dateModified":"2026-01-02T09:15:41+00:00","mainEntityOfPage":{"@id":"https:\/\/www.jobup.ch\/fr\/job-coach\/noel-au-travail-dedicace-aux-heros-et-aux-heroines-des-fetes\/"},"wordCount":20,"commentCount":0,"image":{"@id":"https:\/\/www.jobup.ch\/fr\/job-coach\/noel-au-travail-dedicace-aux-heros-et-aux-heroines-des-fetes\/#primaryimage"},"thumbnailUrl":"https:\/\/www.jobup.ch\/fr\/job-coach\/wp-content\/uploads\/2025\/12\/care-worker-scaled.png","keywords":["seasonal"],"articleSection":["Vie au travail"],"inLanguage":"fr-FR","potentialAction":[{"@type":"CommentAction","name":"Comment","target":["https:\/\/www.jobup.ch\/fr\/job-coach\/noel-au-travail-dedicace-aux-heros-et-aux-heroines-des-fetes\/#respond"]}]},{"@type":"WebPage","@id":"https:\/\/www.jobup.ch\/fr\/job-coach\/noel-au-travail-dedicace-aux-heros-et-aux-heroines-des-fetes\/","url":"https:\/\/www.jobup.ch\/fr\/job-coach\/noel-au-travail-dedicace-aux-heros-et-aux-heroines-des-fetes\/","name":"Conseils et remerciements pour ceux qui travaillent \u00e0 No\u00ebl","isPartOf":{"@id":"https:\/\/www.jobup.ch\/fr\/job-coach\/#website"},"primaryImageOfPage":{"@id":"https:\/\/www.jobup.ch\/fr\/job-coach\/noel-au-travail-dedicace-aux-heros-et-aux-heroines-des-fetes\/#primaryimage"},"image":{"@id":"https:\/\/www.jobup.ch\/fr\/job-coach\/noel-au-travail-dedicace-aux-heros-et-aux-heroines-des-fetes\/#primaryimage"},"thumbnailUrl":"https:\/\/www.jobup.ch\/fr\/job-coach\/wp-content\/uploads\/2025\/12\/care-worker-scaled.png","datePublished":"2025-12-24T05:30:00+00:00","dateModified":"2026-01-02T09:15:41+00:00","author":{"@id":"https:\/\/www.jobup.ch\/fr\/job-coach\/#\/schema\/person\/75b9c60c5bd530f1f27b1606618c98f8"},"description":"Travailler le jour de No\u00ebl n\u2019est pas toujours facile et vous \u00eates pourtant nombreux\u00b7se\u00b7s dans ce cas-l\u00e0. Cet article vous est donc d\u00e9di\u00e9 !","breadcrumb":{"@id":"https:\/\/www.jobup.ch\/fr\/job-coach\/noel-au-travail-dedicace-aux-heros-et-aux-heroines-des-fetes\/#breadcrumb"},"inLanguage":"fr-FR","potentialAction":[{"@type":"ReadAction","target":["https:\/\/www.jobup.ch\/fr\/job-coach\/noel-au-travail-dedicace-aux-heros-et-aux-heroines-des-fetes\/"]}]},{"@type":"ImageObject","inLanguage":"fr-FR","@id":"https:\/\/www.jobup.ch\/fr\/job-coach\/noel-au-travail-dedicace-aux-heros-et-aux-heroines-des-fetes\/#primaryimage","url":"https:\/\/www.jobup.ch\/fr\/job-coach\/wp-content\/uploads\/2025\/12\/care-worker-scaled.png","contentUrl":"https:\/\/www.jobup.ch\/fr\/job-coach\/wp-content\/uploads\/2025\/12\/care-worker-scaled.png","width":2560,"height":1676},{"@type":"BreadcrumbList","@id":"https:\/\/www.jobup.ch\/fr\/job-coach\/noel-au-travail-dedicace-aux-heros-et-aux-heroines-des-fetes\/#breadcrumb","itemListElement":[{"@type":"ListItem","position":1,"name":"Accueil","item":"https:\/\/www.jobup.ch\/fr\/job-coach\/"},{"@type":"ListItem","position":2,"name":"Les f\u00eates au travail : hommage \u00e0 toutes les h\u00e9ro\u00efnes et tous les h\u00e9ros de ces moments particuliers\u202f!"}]},{"@type":"WebSite","@id":"https:\/\/www.jobup.ch\/fr\/job-coach\/#website","url":"https:\/\/www.jobup.ch\/fr\/job-coach\/","name":"Bienvenue sur le Job Coach, le guide consacr\u00e9 \u00e0 la recherche d\u2019emploi en Suisse","description":"jobup.ch Blog","potentialAction":[{"@type":"SearchAction","target":{"@type":"EntryPoint","urlTemplate":"https:\/\/www.jobup.ch\/fr\/job-coach\/?s={search_term_string}"},"query-input":{"@type":"PropertyValueSpecification","valueRequired":true,"valueName":"search_term_string"}}],"inLanguage":"fr-FR"},{"@type":"Person","@id":"https:\/\/www.jobup.ch\/fr\/job-coach\/#\/schema\/person\/75b9c60c5bd530f1f27b1606618c98f8","name":"Carmen Favre","image":{"@type":"ImageObject","inLanguage":"fr-FR","@id":"https:\/\/secure.gravatar.com\/avatar\/385df2b87668de6f41a4cba11f041d6b9b2ca98cd4c9381729185823d37f3218?s=96&d=mm&r=g","url":"https:\/\/secure.gravatar.com\/avatar\/385df2b87668de6f41a4cba11f041d6b9b2ca98cd4c9381729185823d37f3218?s=96&d=mm&r=g","contentUrl":"https:\/\/secure.gravatar.com\/avatar\/385df2b87668de6f41a4cba11f041d6b9b2ca98cd4c9381729185823d37f3218?s=96&d=mm&r=g","caption":"Carmen Favre"},"url":"https:\/\/www.jobup.ch\/fr\/job-coach\/author\/cfavre\/"}]}},"_links":{"self":[{"href":"https:\/\/www.jobup.ch\/fr\/job-coach\/wp-json\/wp\/v2\/posts\/12020","targetHints":{"allow":["GET"]}}],"collection":[{"href":"https:\/\/www.jobup.ch\/fr\/job-coach\/wp-json\/wp\/v2\/posts"}],"about":[{"href":"https:\/\/www.jobup.ch\/fr\/job-coach\/wp-json\/wp\/v2\/types\/post"}],"author":[{"embeddable":true,"href":"https:\/\/www.jobup.ch\/fr\/job-coach\/wp-json\/wp\/v2\/users\/52"}],"replies":[{"embeddable":true,"href":"https:\/\/www.jobup.ch\/fr\/job-coach\/wp-json\/wp\/v2\/comments?post=12020"}],"version-history":[{"count":0,"href":"https:\/\/www.jobup.ch\/fr\/job-coach\/wp-json\/wp\/v2\/posts\/12020\/revisions"}],"wp:featuredmedia":[{"embeddable":true,"href":"https:\/\/www.jobup.ch\/fr\/job-coach\/wp-json\/wp\/v2\/media\/13263"}],"wp:attachment":[{"href":"https:\/\/www.jobup.ch\/fr\/job-coach\/wp-json\/wp\/v2\/media?parent=12020"}],"wp:term":[{"taxonomy":"category","embeddable":true,"href":"https:\/\/www.jobup.ch\/fr\/job-coach\/wp-json\/wp\/v2\/categories?post=12020"},{"taxonomy":"post_tag","embeddable":true,"href":"https:\/\/www.jobup.ch\/fr\/job-coach\/wp-json\/wp\/v2\/tags?post=12020"}],"curies":[{"name":"wp","href":"https:\/\/api.w.org\/{rel}","templated":true}]}}