{"id":12039,"date":"2025-01-02T07:46:00","date_gmt":"2025-01-02T05:46:00","guid":{"rendered":"https:\/\/www.jobup.ch\/fr\/job-coach\/?p=12039"},"modified":"2025-01-16T17:23:20","modified_gmt":"2025-01-16T15:23:20","slug":"marche-du-travail-suisse-2025","status":"publish","type":"post","link":"https:\/\/www.jobup.ch\/fr\/job-coach\/marche-du-travail-suisse-2025\/","title":{"rendered":"March\u00e9 du travail suisse\u00a0: comment se d\u00e9marquer en 2025"},"content":{"rendered":"","protected":false},"excerpt":{"rendered":"","protected":false},"author":52,"featured_media":11520,"comment_status":"open","ping_status":"open","sticky":false,"template":"","format":"standard","meta":{"_acf_changed":false,"footnotes":""},"categories":[9,21,25],"tags":[157,161,227,495,555,726,789,1229],"class_list":["post-12039","post","type-post","status-publish","format-standard","has-post-thumbnail","hentry","category-candidature","category-marche-du-travail","category-recherche-emploi","tag-candidature","tag-carriere","tag-conseils","tag-job","tag-marche-du-travail","tag-recherche-demploi","tag-salaire","tag-seasonal"],"acf":[],"yoast_head":"<!-- This site is optimized with the Yoast SEO plugin v27.2 - https:\/\/yoast.com\/product\/yoast-seo-wordpress\/ -->\n<title>March\u00e9 du travail suisse\u00a0: comment se d\u00e9marquer en 2025 - Bienvenue sur le Job Coach, le guide consacr\u00e9 \u00e0 la recherche d\u2019emploi en Suisse<\/title>\n<meta name=\"description\" content=\"D\u00e9couvrez comment vous d\u00e9marquer sur le march\u00e9 du travail suisse en 2025. Des conseils personnalis\u00e9s pour optimiser votre candidature, n\u00e9gocier votre salaire et atteindre vos objectifs professionnels.\" \/>\n<meta name=\"robots\" content=\"index, follow, max-snippet:-1, max-image-preview:large, max-video-preview:-1\" \/>\n<link rel=\"canonical\" href=\"https:\/\/www.jobup.ch\/fr\/job-coach\/marche-du-travail-suisse-2025\/\" \/>\n<meta property=\"og:locale\" content=\"fr_FR\" \/>\n<meta property=\"og:type\" content=\"article\" \/>\n<meta property=\"og:title\" content=\"March\u00e9 du travail suisse\u00a0: comment se d\u00e9marquer en 2025 - Bienvenue sur le Job Coach, le guide consacr\u00e9 \u00e0 la recherche d\u2019emploi en Suisse\" \/>\n<meta property=\"og:description\" content=\"D\u00e9couvrez comment vous d\u00e9marquer sur le march\u00e9 du travail suisse en 2025. Des conseils personnalis\u00e9s pour optimiser votre candidature, n\u00e9gocier votre salaire et atteindre vos objectifs professionnels.\" \/>\n<meta property=\"og:url\" content=\"https:\/\/www.jobup.ch\/fr\/job-coach\/marche-du-travail-suisse-2025\/\" \/>\n<meta property=\"og:site_name\" content=\"Bienvenue sur le Job Coach, le guide consacr\u00e9 \u00e0 la recherche d\u2019emploi en Suisse\" \/>\n<meta property=\"article:published_time\" content=\"2025-01-02T05:46:00+00:00\" \/>\n<meta property=\"article:modified_time\" content=\"2025-01-16T15:23:20+00:00\" \/>\n<meta property=\"og:image\" content=\"https:\/\/www.jobup.ch\/fr\/job-coach\/wp-content\/uploads\/2024\/07\/27-neugier-als-starke-ai-generated.jpg\" \/>\n\t<meta property=\"og:image:width\" content=\"1648\" \/>\n\t<meta property=\"og:image:height\" content=\"720\" \/>\n\t<meta property=\"og:image:type\" content=\"image\/jpeg\" \/>\n<meta name=\"author\" content=\"Carmen Favre\" \/>\n<meta name=\"twitter:card\" content=\"summary_large_image\" \/>\n<meta name=\"twitter:label1\" content=\"\u00c9crit par\" \/>\n\t<meta name=\"twitter:data1\" content=\"Carmen Favre\" \/>\n\t<meta name=\"twitter:label2\" content=\"Dur\u00e9e de lecture estim\u00e9e\" \/>\n\t<meta name=\"twitter:data2\" content=\"1 minute\" \/>\n<script type=\"application\/ld+json\" class=\"yoast-schema-graph\">{\"@context\":\"https:\/\/schema.org\",\"@graph\":[{\"@type\":\"Article\",\"@id\":\"https:\/\/www.jobup.ch\/fr\/job-coach\/marche-du-travail-suisse-2025\/#article\",\"isPartOf\":{\"@id\":\"https:\/\/www.jobup.ch\/fr\/job-coach\/marche-du-travail-suisse-2025\/\"},\"author\":{\"name\":\"Carmen Favre\",\"@id\":\"https:\/\/www.jobup.ch\/fr\/job-coach\/#\/schema\/person\/75b9c60c5bd530f1f27b1606618c98f8\"},\"headline\":\"March\u00e9 du travail suisse\u00a0: comment se d\u00e9marquer en 2025\",\"datePublished\":\"2025-01-02T05:46:00+00:00\",\"dateModified\":\"2025-01-16T15:23:20+00:00\",\"mainEntityOfPage\":{\"@id\":\"https:\/\/www.jobup.ch\/fr\/job-coach\/marche-du-travail-suisse-2025\/\"},\"wordCount\":9,\"commentCount\":0,\"image\":{\"@id\":\"https:\/\/www.jobup.ch\/fr\/job-coach\/marche-du-travail-suisse-2025\/#primaryimage\"},\"thumbnailUrl\":\"https:\/\/www.jobup.ch\/fr\/job-coach\/wp-content\/uploads\/2024\/07\/27-neugier-als-starke-ai-generated.jpg\",\"keywords\":[\"Candidature\",\"carri\u00e8re\",\"conseils\",\"job\",\"march\u00e9 du travail\",\"recherche d'emploi\",\"salaire\",\"seasonal\"],\"articleSection\":[\"Candidature\",\"March\u00e9 du travail\",\"Recherche d'emploi\"],\"inLanguage\":\"fr-FR\",\"potentialAction\":[{\"@type\":\"CommentAction\",\"name\":\"Comment\",\"target\":[\"https:\/\/www.jobup.ch\/fr\/job-coach\/marche-du-travail-suisse-2025\/#respond\"]}]},{\"@type\":\"WebPage\",\"@id\":\"https:\/\/www.jobup.ch\/fr\/job-coach\/marche-du-travail-suisse-2025\/\",\"url\":\"https:\/\/www.jobup.ch\/fr\/job-coach\/marche-du-travail-suisse-2025\/\",\"name\":\"March\u00e9 du travail suisse\u00a0: comment se d\u00e9marquer en 2025 - Bienvenue sur le Job Coach, le guide consacr\u00e9 \u00e0 la recherche d\u2019emploi en Suisse\",\"isPartOf\":{\"@id\":\"https:\/\/www.jobup.ch\/fr\/job-coach\/#website\"},\"primaryImageOfPage\":{\"@id\":\"https:\/\/www.jobup.ch\/fr\/job-coach\/marche-du-travail-suisse-2025\/#primaryimage\"},\"image\":{\"@id\":\"https:\/\/www.jobup.ch\/fr\/job-coach\/marche-du-travail-suisse-2025\/#primaryimage\"},\"thumbnailUrl\":\"https:\/\/www.jobup.ch\/fr\/job-coach\/wp-content\/uploads\/2024\/07\/27-neugier-als-starke-ai-generated.jpg\",\"datePublished\":\"2025-01-02T05:46:00+00:00\",\"dateModified\":\"2025-01-16T15:23:20+00:00\",\"author\":{\"@id\":\"https:\/\/www.jobup.ch\/fr\/job-coach\/#\/schema\/person\/75b9c60c5bd530f1f27b1606618c98f8\"},\"description\":\"D\u00e9couvrez comment vous d\u00e9marquer sur le march\u00e9 du travail suisse en 2025. Des conseils personnalis\u00e9s pour optimiser votre candidature, n\u00e9gocier votre salaire et atteindre vos objectifs professionnels.\",\"breadcrumb\":{\"@id\":\"https:\/\/www.jobup.ch\/fr\/job-coach\/marche-du-travail-suisse-2025\/#breadcrumb\"},\"inLanguage\":\"fr-FR\",\"potentialAction\":[{\"@type\":\"ReadAction\",\"target\":[\"https:\/\/www.jobup.ch\/fr\/job-coach\/marche-du-travail-suisse-2025\/\"]}]},{\"@type\":\"ImageObject\",\"inLanguage\":\"fr-FR\",\"@id\":\"https:\/\/www.jobup.ch\/fr\/job-coach\/marche-du-travail-suisse-2025\/#primaryimage\",\"url\":\"https:\/\/www.jobup.ch\/fr\/job-coach\/wp-content\/uploads\/2024\/07\/27-neugier-als-starke-ai-generated.jpg\",\"contentUrl\":\"https:\/\/www.jobup.ch\/fr\/job-coach\/wp-content\/uploads\/2024\/07\/27-neugier-als-starke-ai-generated.jpg\",\"width\":1648,\"height\":720},{\"@type\":\"BreadcrumbList\",\"@id\":\"https:\/\/www.jobup.ch\/fr\/job-coach\/marche-du-travail-suisse-2025\/#breadcrumb\",\"itemListElement\":[{\"@type\":\"ListItem\",\"position\":1,\"name\":\"Accueil\",\"item\":\"https:\/\/www.jobup.ch\/fr\/job-coach\/\"},{\"@type\":\"ListItem\",\"position\":2,\"name\":\"March\u00e9 du travail suisse\u00a0: comment se d\u00e9marquer en 2025\"}]},{\"@type\":\"WebSite\",\"@id\":\"https:\/\/www.jobup.ch\/fr\/job-coach\/#website\",\"url\":\"https:\/\/www.jobup.ch\/fr\/job-coach\/\",\"name\":\"Bienvenue sur le Job Coach, le guide consacr\u00e9 \u00e0 la recherche d\u2019emploi en Suisse\",\"description\":\"jobup.ch Blog\",\"potentialAction\":[{\"@type\":\"SearchAction\",\"target\":{\"@type\":\"EntryPoint\",\"urlTemplate\":\"https:\/\/www.jobup.ch\/fr\/job-coach\/?s={search_term_string}\"},\"query-input\":{\"@type\":\"PropertyValueSpecification\",\"valueRequired\":true,\"valueName\":\"search_term_string\"}}],\"inLanguage\":\"fr-FR\"},{\"@type\":\"Person\",\"@id\":\"https:\/\/www.jobup.ch\/fr\/job-coach\/#\/schema\/person\/75b9c60c5bd530f1f27b1606618c98f8\",\"name\":\"Carmen Favre\",\"image\":{\"@type\":\"ImageObject\",\"inLanguage\":\"fr-FR\",\"@id\":\"https:\/\/secure.gravatar.com\/avatar\/385df2b87668de6f41a4cba11f041d6b9b2ca98cd4c9381729185823d37f3218?s=96&d=mm&r=g\",\"url\":\"https:\/\/secure.gravatar.com\/avatar\/385df2b87668de6f41a4cba11f041d6b9b2ca98cd4c9381729185823d37f3218?s=96&d=mm&r=g\",\"contentUrl\":\"https:\/\/secure.gravatar.com\/avatar\/385df2b87668de6f41a4cba11f041d6b9b2ca98cd4c9381729185823d37f3218?s=96&d=mm&r=g\",\"caption\":\"Carmen Favre\"},\"url\":\"https:\/\/www.jobup.ch\/fr\/job-coach\/author\/cfavre\/\"}]}<\/script>\n<!-- \/ Yoast SEO plugin. -->","yoast_head_json":{"title":"March\u00e9 du travail suisse\u00a0: comment se d\u00e9marquer en 2025 - Bienvenue sur le Job Coach, le guide consacr\u00e9 \u00e0 la recherche d\u2019emploi en Suisse","description":"D\u00e9couvrez comment vous d\u00e9marquer sur le march\u00e9 du travail suisse en 2025. Des conseils personnalis\u00e9s pour optimiser votre candidature, n\u00e9gocier votre salaire et atteindre vos objectifs professionnels.","robots":{"index":"index","follow":"follow","max-snippet":"max-snippet:-1","max-image-preview":"max-image-preview:large","max-video-preview":"max-video-preview:-1"},"canonical":"https:\/\/www.jobup.ch\/fr\/job-coach\/marche-du-travail-suisse-2025\/","og_locale":"fr_FR","og_type":"article","og_title":"March\u00e9 du travail suisse\u00a0: comment se d\u00e9marquer en 2025 - Bienvenue sur le Job Coach, le guide consacr\u00e9 \u00e0 la recherche d\u2019emploi en Suisse","og_description":"D\u00e9couvrez comment vous d\u00e9marquer sur le march\u00e9 du travail suisse en 2025. Des conseils personnalis\u00e9s pour optimiser votre candidature, n\u00e9gocier votre salaire et atteindre vos objectifs professionnels.","og_url":"https:\/\/www.jobup.ch\/fr\/job-coach\/marche-du-travail-suisse-2025\/","og_site_name":"Bienvenue sur le Job Coach, le guide consacr\u00e9 \u00e0 la recherche d\u2019emploi en Suisse","article_published_time":"2025-01-02T05:46:00+00:00","article_modified_time":"2025-01-16T15:23:20+00:00","og_image":[{"width":1648,"height":720,"url":"https:\/\/www.jobup.ch\/fr\/job-coach\/wp-content\/uploads\/2024\/07\/27-neugier-als-starke-ai-generated.jpg","type":"image\/jpeg"}],"author":"Carmen Favre","twitter_card":"summary_large_image","twitter_misc":{"\u00c9crit par":"Carmen Favre","Dur\u00e9e de lecture estim\u00e9e":"1 minute"},"schema":{"@context":"https:\/\/schema.org","@graph":[{"@type":"Article","@id":"https:\/\/www.jobup.ch\/fr\/job-coach\/marche-du-travail-suisse-2025\/#article","isPartOf":{"@id":"https:\/\/www.jobup.ch\/fr\/job-coach\/marche-du-travail-suisse-2025\/"},"author":{"name":"Carmen Favre","@id":"https:\/\/www.jobup.ch\/fr\/job-coach\/#\/schema\/person\/75b9c60c5bd530f1f27b1606618c98f8"},"headline":"March\u00e9 du travail suisse\u00a0: comment se d\u00e9marquer en 2025","datePublished":"2025-01-02T05:46:00+00:00","dateModified":"2025-01-16T15:23:20+00:00","mainEntityOfPage":{"@id":"https:\/\/www.jobup.ch\/fr\/job-coach\/marche-du-travail-suisse-2025\/"},"wordCount":9,"commentCount":0,"image":{"@id":"https:\/\/www.jobup.ch\/fr\/job-coach\/marche-du-travail-suisse-2025\/#primaryimage"},"thumbnailUrl":"https:\/\/www.jobup.ch\/fr\/job-coach\/wp-content\/uploads\/2024\/07\/27-neugier-als-starke-ai-generated.jpg","keywords":["Candidature","carri\u00e8re","conseils","job","march\u00e9 du travail","recherche d'emploi","salaire","seasonal"],"articleSection":["Candidature","March\u00e9 du travail","Recherche d'emploi"],"inLanguage":"fr-FR","potentialAction":[{"@type":"CommentAction","name":"Comment","target":["https:\/\/www.jobup.ch\/fr\/job-coach\/marche-du-travail-suisse-2025\/#respond"]}]},{"@type":"WebPage","@id":"https:\/\/www.jobup.ch\/fr\/job-coach\/marche-du-travail-suisse-2025\/","url":"https:\/\/www.jobup.ch\/fr\/job-coach\/marche-du-travail-suisse-2025\/","name":"March\u00e9 du travail suisse\u00a0: comment se d\u00e9marquer en 2025 - Bienvenue sur le Job Coach, le guide consacr\u00e9 \u00e0 la recherche d\u2019emploi en Suisse","isPartOf":{"@id":"https:\/\/www.jobup.ch\/fr\/job-coach\/#website"},"primaryImageOfPage":{"@id":"https:\/\/www.jobup.ch\/fr\/job-coach\/marche-du-travail-suisse-2025\/#primaryimage"},"image":{"@id":"https:\/\/www.jobup.ch\/fr\/job-coach\/marche-du-travail-suisse-2025\/#primaryimage"},"thumbnailUrl":"https:\/\/www.jobup.ch\/fr\/job-coach\/wp-content\/uploads\/2024\/07\/27-neugier-als-starke-ai-generated.jpg","datePublished":"2025-01-02T05:46:00+00:00","dateModified":"2025-01-16T15:23:20+00:00","author":{"@id":"https:\/\/www.jobup.ch\/fr\/job-coach\/#\/schema\/person\/75b9c60c5bd530f1f27b1606618c98f8"},"description":"D\u00e9couvrez comment vous d\u00e9marquer sur le march\u00e9 du travail suisse en 2025. Des conseils personnalis\u00e9s pour optimiser votre candidature, n\u00e9gocier votre salaire et atteindre vos objectifs professionnels.","breadcrumb":{"@id":"https:\/\/www.jobup.ch\/fr\/job-coach\/marche-du-travail-suisse-2025\/#breadcrumb"},"inLanguage":"fr-FR","potentialAction":[{"@type":"ReadAction","target":["https:\/\/www.jobup.ch\/fr\/job-coach\/marche-du-travail-suisse-2025\/"]}]},{"@type":"ImageObject","inLanguage":"fr-FR","@id":"https:\/\/www.jobup.ch\/fr\/job-coach\/marche-du-travail-suisse-2025\/#primaryimage","url":"https:\/\/www.jobup.ch\/fr\/job-coach\/wp-content\/uploads\/2024\/07\/27-neugier-als-starke-ai-generated.jpg","contentUrl":"https:\/\/www.jobup.ch\/fr\/job-coach\/wp-content\/uploads\/2024\/07\/27-neugier-als-starke-ai-generated.jpg","width":1648,"height":720},{"@type":"BreadcrumbList","@id":"https:\/\/www.jobup.ch\/fr\/job-coach\/marche-du-travail-suisse-2025\/#breadcrumb","itemListElement":[{"@type":"ListItem","position":1,"name":"Accueil","item":"https:\/\/www.jobup.ch\/fr\/job-coach\/"},{"@type":"ListItem","position":2,"name":"March\u00e9 du travail suisse\u00a0: comment se d\u00e9marquer en 2025"}]},{"@type":"WebSite","@id":"https:\/\/www.jobup.ch\/fr\/job-coach\/#website","url":"https:\/\/www.jobup.ch\/fr\/job-coach\/","name":"Bienvenue sur le Job Coach, le guide consacr\u00e9 \u00e0 la recherche d\u2019emploi en Suisse","description":"jobup.ch Blog","potentialAction":[{"@type":"SearchAction","target":{"@type":"EntryPoint","urlTemplate":"https:\/\/www.jobup.ch\/fr\/job-coach\/?s={search_term_string}"},"query-input":{"@type":"PropertyValueSpecification","valueRequired":true,"valueName":"search_term_string"}}],"inLanguage":"fr-FR"},{"@type":"Person","@id":"https:\/\/www.jobup.ch\/fr\/job-coach\/#\/schema\/person\/75b9c60c5bd530f1f27b1606618c98f8","name":"Carmen Favre","image":{"@type":"ImageObject","inLanguage":"fr-FR","@id":"https:\/\/secure.gravatar.com\/avatar\/385df2b87668de6f41a4cba11f041d6b9b2ca98cd4c9381729185823d37f3218?s=96&d=mm&r=g","url":"https:\/\/secure.gravatar.com\/avatar\/385df2b87668de6f41a4cba11f041d6b9b2ca98cd4c9381729185823d37f3218?s=96&d=mm&r=g","contentUrl":"https:\/\/secure.gravatar.com\/avatar\/385df2b87668de6f41a4cba11f041d6b9b2ca98cd4c9381729185823d37f3218?s=96&d=mm&r=g","caption":"Carmen Favre"},"url":"https:\/\/www.jobup.ch\/fr\/job-coach\/author\/cfavre\/"}]}},"_links":{"self":[{"href":"https:\/\/www.jobup.ch\/fr\/job-coach\/wp-json\/wp\/v2\/posts\/12039","targetHints":{"allow":["GET"]}}],"collection":[{"href":"https:\/\/www.jobup.ch\/fr\/job-coach\/wp-json\/wp\/v2\/posts"}],"about":[{"href":"https:\/\/www.jobup.ch\/fr\/job-coach\/wp-json\/wp\/v2\/types\/post"}],"author":[{"embeddable":true,"href":"https:\/\/www.jobup.ch\/fr\/job-coach\/wp-json\/wp\/v2\/users\/52"}],"replies":[{"embeddable":true,"href":"https:\/\/www.jobup.ch\/fr\/job-coach\/wp-json\/wp\/v2\/comments?post=12039"}],"version-history":[{"count":0,"href":"https:\/\/www.jobup.ch\/fr\/job-coach\/wp-json\/wp\/v2\/posts\/12039\/revisions"}],"wp:featuredmedia":[{"embeddable":true,"href":"https:\/\/www.jobup.ch\/fr\/job-coach\/wp-json\/wp\/v2\/media\/11520"}],"wp:attachment":[{"href":"https:\/\/www.jobup.ch\/fr\/job-coach\/wp-json\/wp\/v2\/media?parent=12039"}],"wp:term":[{"taxonomy":"category","embeddable":true,"href":"https:\/\/www.jobup.ch\/fr\/job-coach\/wp-json\/wp\/v2\/categories?post=12039"},{"taxonomy":"post_tag","embeddable":true,"href":"https:\/\/www.jobup.ch\/fr\/job-coach\/wp-json\/wp\/v2\/tags?post=12039"}],"curies":[{"name":"wp","href":"https:\/\/api.w.org\/{rel}","templated":true}]}}