{"id":12860,"date":"2025-07-17T08:15:57","date_gmt":"2025-07-17T06:15:57","guid":{"rendered":"https:\/\/www.jobup.ch\/fr\/job-coach\/?p=12860"},"modified":"2025-07-30T15:20:49","modified_gmt":"2025-07-30T13:20:49","slug":"protection-contre-le-licenciement","status":"publish","type":"post","link":"https:\/\/www.jobup.ch\/fr\/job-coach\/protection-contre-le-licenciement\/","title":{"rendered":"Protection contre le licenciement en Suisse : ce que vous devez savoir"},"content":{"rendered":"<ul>\n<li aria-setsize=\"-1\" data-leveltext=\"\uf0b7\" data-font=\"Symbol\" data-listid=\"7\" data-list-defn-props=\"{&quot;335552541&quot;:1,&quot;335559685&quot;:720,&quot;335559991&quot;:360,&quot;469769226&quot;:&quot;Symbol&quot;,&quot;469769242&quot;:[8226],&quot;469777803&quot;:&quot;left&quot;,&quot;469777804&quot;:&quot;\uf0b7&quot;,&quot;469777815&quot;:&quot;hybridMultilevel&quot;}\" data-aria-posinset=\"1\" data-aria-level=\"1\"><b><span data-contrast=\"auto\">Principe<\/span><\/b><span data-contrast=\"auto\"> : en Suisse, la libert\u00e9 de <\/span><span data-contrast=\"auto\">r\u00e9siliation <\/span><span data-contrast=\"auto\">s&rsquo;applique, mais avec des restrictions l\u00e9gales.<\/span><span data-ccp-props=\"{&quot;134233117&quot;:false,&quot;134233118&quot;:false,&quot;335559738&quot;:0,&quot;335559739&quot;:0}\">\u00a0<\/span><\/li>\n<\/ul>\n<ul>\n<li aria-setsize=\"-1\" data-leveltext=\"\uf0b7\" data-font=\"Symbol\" data-listid=\"8\" data-list-defn-props=\"{&quot;335552541&quot;:1,&quot;335559685&quot;:720,&quot;335559991&quot;:360,&quot;469769226&quot;:&quot;Symbol&quot;,&quot;469769242&quot;:[8226],&quot;469777803&quot;:&quot;left&quot;,&quot;469777804&quot;:&quot;\uf0b7&quot;,&quot;469777815&quot;:&quot;hybridMultilevel&quot;}\" data-aria-posinset=\"1\" data-aria-level=\"1\"><b><span data-contrast=\"auto\">Forme<\/span><\/b><span data-contrast=\"auto\"> : le licenciement doit \u00eatre notifi\u00e9 par \u00e9crit \u2013 un entretien ne suffit pas.<\/span><span data-ccp-props=\"{&quot;134233117&quot;:false,&quot;134233118&quot;:false,&quot;335559738&quot;:0,&quot;335559739&quot;:0}\">\u00a0<\/span><\/li>\n<\/ul>\n<ul>\n<li aria-setsize=\"-1\" data-leveltext=\"\uf0b7\" data-font=\"Symbol\" data-listid=\"8\" data-list-defn-props=\"{&quot;335552541&quot;:1,&quot;335559685&quot;:720,&quot;335559991&quot;:360,&quot;469769226&quot;:&quot;Symbol&quot;,&quot;469769242&quot;:[8226],&quot;469777803&quot;:&quot;left&quot;,&quot;469777804&quot;:&quot;\uf0b7&quot;,&quot;469777815&quot;:&quot;hybridMultilevel&quot;}\" data-aria-posinset=\"2\" data-aria-level=\"1\"><b><span data-contrast=\"auto\"><a href=\"https:\/\/www.jobup.ch\/fr\/job-coach\/quels-sont-les-delais-de-resiliation-en-vigueur-en-suisse\/\" data-wpil-monitor-id=\"34\">D\u00e9lais de pr\u00e9avis<\/a> \u00e9chelonn\u00e9s (apr\u00e8s la p\u00e9riode d&rsquo;essai)<\/span><\/b><span data-ccp-props=\"{&quot;134233117&quot;:false,&quot;134233118&quot;:false,&quot;335559738&quot;:0,&quot;335559739&quot;:0}\">\u00a0<\/span><\/li>\n<\/ul>\n<ul>\n<li aria-setsize=\"-1\" data-leveltext=\"\uf0b7\" data-font=\"Symbol\" data-listid=\"9\" data-list-defn-props=\"{&quot;335552541&quot;:1,&quot;335559685&quot;:720,&quot;335559991&quot;:360,&quot;469769226&quot;:&quot;Symbol&quot;,&quot;469769242&quot;:[8226],&quot;469777803&quot;:&quot;left&quot;,&quot;469777804&quot;:&quot;\uf0b7&quot;,&quot;469777815&quot;:&quot;hybridMultilevel&quot;}\" data-aria-posinset=\"1\" data-aria-level=\"1\"><span data-contrast=\"auto\">D\u00e9lai<\/span><span data-contrast=\"auto\"> de protection <\/span><span data-contrast=\"auto\">:<\/span><span data-contrast=\"auto\"> le licenciement est interdit en cas de : maladie ou accident, grossesse et maternit\u00e9, service militaire ou civil<\/span><span data-contrast=\"auto\">.<\/span><\/li>\n<li aria-setsize=\"-1\" data-leveltext=\"\uf0b7\" data-font=\"Symbol\" data-listid=\"9\" data-list-defn-props=\"{&quot;335552541&quot;:1,&quot;335559685&quot;:720,&quot;335559991&quot;:360,&quot;469769226&quot;:&quot;Symbol&quot;,&quot;469769242&quot;:[8226],&quot;469777803&quot;:&quot;left&quot;,&quot;469777804&quot;:&quot;\uf0b7&quot;,&quot;469777815&quot;:&quot;hybridMultilevel&quot;}\" data-aria-posinset=\"1\" data-aria-level=\"1\">Le licenciement pour des motifs discriminatoires, vindicatifs ou antisyndicaux est abusif<span data-contrast=\"auto\">.<\/span><span data-ccp-props=\"{&quot;134233117&quot;:false,&quot;134233118&quot;:false,&quot;335559738&quot;:0,&quot;335559739&quot;:0}\">\u00a0<\/span><\/li>\n<\/ul>\n<hr \/>\n<p><em><span class=\"TextRun SCXW172199206 BCX0\" lang=\"FR-FR\" xml:lang=\"FR-FR\" data-contrast=\"auto\"><span class=\"NormalTextRun SCXW172199206 BCX0\">Cet article de blog <\/span><\/span><span class=\"TrackedChange SCXW172199206 BCX0\"><span class=\"TextRun SCXW172199206 BCX0\" lang=\"FR-FR\" xml:lang=\"FR-FR\" data-contrast=\"auto\"><span class=\"NormalTextRun SCXW172199206 BCX0\">vise uniquement \u00e0<\/span><\/span><\/span><span class=\"TextRun SCXW172199206 BCX0\" lang=\"FR-FR\" xml:lang=\"FR-FR\" data-contrast=\"auto\"><span class=\"NormalTextRun SCXW172199206 BCX0\"> donner des infos g\u00e9n\u00e9rales et ne remplace pas un conseil juridique personnalis\u00e9. Les questions li\u00e9es au droit du travail, surtout celles qui touchent \u00e0 la protection contre le licenciement, sont souvent compliqu\u00e9es et d\u00e9pendent de chaque cas. Si <\/span><\/span><span class=\"TrackedChange SCXW172199206 BCX0\"><span class=\"TextRun SCXW172199206 BCX0\" lang=\"FR-FR\" xml:lang=\"FR-FR\" data-contrast=\"auto\"><span class=\"NormalTextRun SCXW172199206 BCX0\">vous avez<\/span><\/span><\/span><span class=\"TextRun SCXW172199206 BCX0\" lang=\"FR-FR\" xml:lang=\"FR-FR\" data-contrast=\"auto\"><span class=\"NormalTextRun SCXW172199206 BCX0\"> des doutes, n&rsquo;h\u00e9site<\/span><\/span><span class=\"TrackedChange SCXW172199206 BCX0\"><span class=\"TextRun SCXW172199206 BCX0\" lang=\"FR-FR\" xml:lang=\"FR-FR\" data-contrast=\"auto\"><span class=\"NormalTextRun SCXW172199206 BCX0\">z<\/span><\/span><\/span><span class=\"TextRun SCXW172199206 BCX0\" lang=\"FR-FR\" xml:lang=\"FR-FR\" data-contrast=\"auto\"><span class=\"NormalTextRun SCXW172199206 BCX0\"> pas \u00e0 demander l&rsquo;avis d&rsquo;un pro ou \u00e0 <\/span><\/span><span class=\"TrackedChange SCXW172199206 BCX0\"><span class=\"TextRun SCXW172199206 BCX0\" lang=\"FR-FR\" xml:lang=\"FR-FR\" data-contrast=\"auto\"><span class=\"NormalTextRun SCXW172199206 BCX0\">vous <\/span><\/span><\/span><span class=\"TextRun SCXW172199206 BCX0\" lang=\"FR-FR\" xml:lang=\"FR-FR\" data-contrast=\"auto\"><span class=\"NormalTextRun SCXW172199206 BCX0\">rendre dans un service de conseil officiel.<\/span><\/span><\/em><\/p>\n<hr \/>\n<p><span class=\"TextRun SCXW185963551 BCX0\" lang=\"FR-FR\" xml:lang=\"FR-FR\" data-contrast=\"auto\"><span class=\"NormalTextRun SCXW185963551 BCX0\">Les licenciements font malheureusement partie de la vie professionnelle. Toutefois, en tant que <\/span><span class=\"NormalTextRun SpellingErrorV2Themed SCXW185963551 BCX0\">salari\u00e9<\/span><\/span><span class=\"TrackedChange SCXW185963551 BCX0\"><span class=\"TextRun SCXW185963551 BCX0\" lang=\"FR-FR\" xml:lang=\"FR-FR\" data-contrast=\"none\"><span class=\"NormalTextRun SpellingErrorV2Themed SCXW185963551 BCX0\">\u00b7e<\/span><\/span><\/span><span class=\"TextRun SCXW185963551 BCX0\" lang=\"FR-FR\" xml:lang=\"FR-FR\" data-contrast=\"auto\"><span class=\"NormalTextRun SCXW185963551 BCX0\"> en Suisse, vous n&rsquo;\u00eates pas sans protection. Nous vous indiquons dans quels cas la protection contre le licenciement s&rsquo;applique, ce qui est important en cas de licenciement et comment r\u00e9agir correctement en cas d&rsquo;urgence.\u00a0<\/span><\/span><span class=\"EOP SCXW185963551 BCX0\" data-ccp-props=\"{&quot;134233117&quot;:false,&quot;134233118&quot;:false,&quot;335559738&quot;:240,&quot;335559739&quot;:240}\">\u00a0<\/span><\/p>\n<h2 aria-level=\"2\"><span data-contrast=\"none\">Principes fondamentaux : libert\u00e9 de r\u00e9siliation avec <\/span><span data-contrast=\"none\">restrictions<\/span><span data-ccp-props=\"{&quot;134245418&quot;:true,&quot;134245529&quot;:true,&quot;335559738&quot;:160,&quot;335559739&quot;:80}\">\u00a0<\/span><\/h2>\n<p><span data-contrast=\"auto\">En Suisse, le principe de la libert\u00e9 de r\u00e9siliation s&rsquo;applique. Cela signifie que tant les employ\u00e9<\/span><span data-contrast=\"none\">\u00b7<\/span><span data-contrast=\"auto\">e<\/span><span data-contrast=\"none\">\u00b7<\/span><span data-contrast=\"auto\">s que les employeurs peuvent en principe r\u00e9silier le contrat de travail sans donner de motif. N\u00e9anmoins, il existe d&rsquo;importants m\u00e9canismes de protection l\u00e9gale qui vous prot\u00e8gent contre les licenciements injustifi\u00e9s.<\/span><span data-ccp-props=\"{&quot;134233117&quot;:false,&quot;134233118&quot;:false,&quot;335559738&quot;:240,&quot;335559739&quot;:240}\">\u00a0<\/span><\/p>\n<h2><b><\/b><b><span data-contrast=\"auto\">1) Dans quels cas <\/span><\/b><b><span data-contrast=\"auto\">suis-je prot\u00e9g\u00e9<\/span><\/b><b><span data-contrast=\"none\">\u00b7e<\/span><\/b><b><span data-contrast=\"auto\"> contre un licenciement ?<\/span><\/b><\/h2>\n<p><span data-contrast=\"auto\">La loi vous prot\u00e8ge principalement dans des situations particuli\u00e8res :<\/span><span data-ccp-props=\"{&quot;134233117&quot;:false,&quot;134233118&quot;:false,&quot;335559738&quot;:240,&quot;335559739&quot;:240}\">\u00a0<\/span><\/p>\n<p><b><i><span data-contrast=\"auto\">Pendant un d\u00e9lai de protection :<\/span><\/i><\/b><i><span data-contrast=\"auto\">\u00a0<\/span><\/i><span data-ccp-props=\"{&quot;134233117&quot;:false,&quot;134233118&quot;:false,&quot;335559738&quot;:240,&quot;335559739&quot;:240}\">\u00a0<\/span><\/p>\n<p><span data-contrast=\"auto\">Vous ne pouvez pas \u00eatre licenci\u00e9 si vous :<\/span><span data-ccp-props=\"{&quot;134233117&quot;:false,&quot;134233118&quot;:false,&quot;335559738&quot;:240,&quot;335559739&quot;:240}\">\u00a0<\/span><\/p>\n<ul>\n<li aria-setsize=\"-1\" data-leveltext=\"\uf0b7\" data-font=\"Symbol\" data-listid=\"11\" data-list-defn-props=\"{&quot;335552541&quot;:1,&quot;335559685&quot;:720,&quot;335559991&quot;:360,&quot;469769226&quot;:&quot;Symbol&quot;,&quot;469769242&quot;:[8226],&quot;469777803&quot;:&quot;left&quot;,&quot;469777804&quot;:&quot;\uf0b7&quot;,&quot;469777815&quot;:&quot;hybridMultilevel&quot;}\" data-aria-posinset=\"1\" data-aria-level=\"1\"><span data-contrast=\"auto\">\u00eates malade ou victime d&rsquo;un accident (apr\u00e8s la p\u00e9riode d&rsquo;essai)<\/span><span data-contrast=\"auto\"> ;<\/span><span data-ccp-props=\"{&quot;134233117&quot;:false,&quot;134233118&quot;:false,&quot;335559738&quot;:0,&quot;335559739&quot;:0}\">\u00a0<\/span><\/li>\n<\/ul>\n<ul>\n<li aria-setsize=\"-1\" data-leveltext=\"\uf0b7\" data-font=\"Symbol\" data-listid=\"12\" data-list-defn-props=\"{&quot;335552541&quot;:1,&quot;335559685&quot;:720,&quot;335559991&quot;:360,&quot;469769226&quot;:&quot;Symbol&quot;,&quot;469769242&quot;:[8226],&quot;469777803&quot;:&quot;left&quot;,&quot;469777804&quot;:&quot;\uf0b7&quot;,&quot;469777815&quot;:&quot;hybridMultilevel&quot;}\" data-aria-posinset=\"1\" data-aria-level=\"1\"><span data-contrast=\"auto\">\u00eates au service militaire ou civil<\/span><span data-contrast=\"auto\"> ;<\/span><span data-ccp-props=\"{&quot;134233117&quot;:false,&quot;134233118&quot;:false,&quot;335559738&quot;:0,&quot;335559739&quot;:0}\">\u00a0<\/span><\/li>\n<\/ul>\n<ul>\n<li aria-setsize=\"-1\" data-leveltext=\"\uf0b7\" data-font=\"Symbol\" data-listid=\"13\" data-list-defn-props=\"{&quot;335552541&quot;:1,&quot;335559685&quot;:720,&quot;335559991&quot;:360,&quot;469769226&quot;:&quot;Symbol&quot;,&quot;469769242&quot;:[8226],&quot;469777803&quot;:&quot;left&quot;,&quot;469777804&quot;:&quot;\uf0b7&quot;,&quot;469777815&quot;:&quot;hybridMultilevel&quot;}\" data-aria-posinset=\"1\" data-aria-level=\"1\"><span data-contrast=\"auto\">\u00eates enceinte ou en cong\u00e9 maternit\u00e9<\/span><span data-contrast=\"auto\">.<\/span><span data-ccp-props=\"{&quot;134233117&quot;:false,&quot;134233118&quot;:false,&quot;335559738&quot;:0,&quot;335559739&quot;:0}\">\u00a0<\/span><\/li>\n<\/ul>\n<p><span data-contrast=\"auto\">Ces <\/span><b><span data-contrast=\"auto\">d\u00e9lais de protection<\/span><\/b><span data-contrast=\"auto\"> varient en fonction de l&rsquo;anciennet\u00e9 et de la situation. Par exemple, en cas de maladie pendant la premi\u00e8re ann\u00e9e d&#8217;emploi, le d\u00e9lai de protection est de 30 jours, puis peut aller jusqu&rsquo;\u00e0 180 jours.<\/span><span data-ccp-props=\"{&quot;134233117&quot;:false,&quot;134233118&quot;:false,&quot;335559738&quot;:240,&quot;335559739&quot;:240}\">\u00a0<\/span><\/p>\n<p><b><i><span data-contrast=\"auto\">En cas de licenciement abusif :<\/span><\/i><\/b><i><span data-contrast=\"auto\">\u00a0<\/span><\/i><span data-ccp-props=\"{&quot;134233117&quot;:false,&quot;134233118&quot;:false,&quot;335559738&quot;:240,&quot;335559739&quot;:240}\">\u00a0<\/span><\/p>\n<p><span data-contrast=\"auto\">Un licenciement est <\/span><b><span data-contrast=\"auto\">abusif<\/span><\/b><span data-contrast=\"auto\"> s&rsquo;il est motiv\u00e9 par l&rsquo;une des raisons suivantes :\u00a0<\/span><span data-ccp-props=\"{&quot;134233117&quot;:false,&quot;134233118&quot;:false,&quot;335559738&quot;:240,&quot;335559739&quot;:240}\">\u00a0<\/span><\/p>\n<ul>\n<li aria-setsize=\"-1\" data-leveltext=\"\uf0b7\" data-font=\"Symbol\" data-listid=\"14\" data-list-defn-props=\"{&quot;335552541&quot;:1,&quot;335559685&quot;:720,&quot;335559991&quot;:360,&quot;469769226&quot;:&quot;Symbol&quot;,&quot;469769242&quot;:[8226],&quot;469777803&quot;:&quot;left&quot;,&quot;469777804&quot;:&quot;\uf0b7&quot;,&quot;469777815&quot;:&quot;hybridMultilevel&quot;}\" data-aria-posinset=\"1\" data-aria-level=\"1\"><span data-contrast=\"auto\">E<\/span><span data-contrast=\"auto\">n raison de votre origine, de votre religion, de votre identit\u00e9 sexuelle ou de votre orientation sexuelle<\/span><span data-ccp-props=\"{&quot;134233117&quot;:false,&quot;134233118&quot;:false,&quot;335559738&quot;:0,&quot;335559739&quot;:0}\">\u00a0<\/span><\/li>\n<\/ul>\n<ul>\n<li aria-setsize=\"-1\" data-leveltext=\"\uf0b7\" data-font=\"Symbol\" data-listid=\"15\" data-list-defn-props=\"{&quot;335552541&quot;:1,&quot;335559685&quot;:720,&quot;335559991&quot;:360,&quot;469769226&quot;:&quot;Symbol&quot;,&quot;469769242&quot;:[8226],&quot;469777803&quot;:&quot;left&quot;,&quot;469777804&quot;:&quot;\uf0b7&quot;,&quot;469777815&quot;:&quot;hybridMultilevel&quot;}\" data-aria-posinset=\"1\" data-aria-level=\"1\"><span data-contrast=\"auto\">En raison de votre engagement<\/span><span data-contrast=\"auto\"> au sein d&rsquo;un syndicat<\/span><span data-ccp-props=\"{&quot;134233117&quot;:false,&quot;134233118&quot;:false,&quot;335559738&quot;:0,&quot;335559739&quot;:0}\">\u00a0<\/span><\/li>\n<\/ul>\n<ul>\n<li aria-setsize=\"-1\" data-leveltext=\"\uf0b7\" data-font=\"Symbol\" data-listid=\"16\" data-list-defn-props=\"{&quot;335552541&quot;:1,&quot;335559685&quot;:720,&quot;335559991&quot;:360,&quot;469769226&quot;:&quot;Symbol&quot;,&quot;469769242&quot;:[8226],&quot;469777803&quot;:&quot;left&quot;,&quot;469777804&quot;:&quot;\uf0b7&quot;,&quot;469777815&quot;:&quot;hybridMultilevel&quot;}\" data-aria-posinset=\"1\" data-aria-level=\"1\"><span data-contrast=\"auto\">Par<\/span><span data-contrast=\"auto\"> vengeance personnelle ou de mani\u00e8re arbitraire<\/span><span data-ccp-props=\"{&quot;134233117&quot;:false,&quot;134233118&quot;:false,&quot;335559738&quot;:0,&quot;335559739&quot;:0}\">\u00a0<\/span><\/li>\n<\/ul>\n<p><span data-contrast=\"auto\">Dans de tels cas, le licenciement reste juridiquement valable, mais vous avez droit \u00e0 une <\/span><b><span data-contrast=\"auto\">indemnit\u00e9<\/span><\/b><span data-contrast=\"auto\"> pouvant aller jusqu&rsquo;\u00e0 six mois de salaire.\u00a0<\/span><span data-ccp-props=\"{&quot;134233117&quot;:false,&quot;134233118&quot;:false,&quot;335559738&quot;:240,&quot;335559739&quot;:240}\">\u00a0<\/span><\/p>\n<h2><span data-contrast=\"none\">2) Protection contre le licenciement pendant la p\u00e9riode d&rsquo;essai<\/span><\/h2>\n<p><span data-contrast=\"auto\">Pendant la <\/span><b><span data-contrast=\"auto\"><a href=\"https:\/\/www.jobup.ch\/fr\/job-coach\/periode-dessai-tout-ce-quil-faut-savoir\/\" data-wpil-monitor-id=\"35\">p\u00e9riode d&rsquo;essai<\/a><\/span><\/b><span data-contrast=\"auto\"> (g\u00e9n\u00e9ralement 1 mois, maximum 3 mois), vous pouvez \u00eatre licenci\u00e9<\/span><span data-contrast=\"none\">\u00b7e<\/span><span data-contrast=\"auto\"> avec un pr\u00e9avis de 7 jours, <\/span><b><span data-contrast=\"auto\">sans indication de motif<\/span><\/b><span data-contrast=\"auto\">. Les d\u00e9lais de <\/span><span data-contrast=\"auto\">protection <\/span><span data-contrast=\"auto\">ne s&rsquo;appliquent pas encore ici. Cependant, m\u00eame pendant cette p\u00e9riode, aucun licenciement discriminatoire ou motiv\u00e9 par la vengeance ne peut \u00eatre prononc\u00e9.\u00a0<\/span><span data-ccp-props=\"{&quot;134233117&quot;:false,&quot;134233118&quot;:false,&quot;335559738&quot;:240,&quot;335559739&quot;:240}\">\u00a0<\/span><\/p>\n<h2><span data-contrast=\"none\">3) Quel est le d\u00e9lai de pr\u00e9avis ?<\/span><\/h2>\n<p><span data-contrast=\"auto\">Apr\u00e8s la p\u00e9riode d&rsquo;essai, les <\/span><b><span data-contrast=\"auto\">d\u00e9lais de pr\u00e9avis<\/span><\/b><span data-contrast=\"auto\"> l\u00e9gaux suivants s&rsquo;appliquent :<\/span><span data-ccp-props=\"{&quot;134233117&quot;:false,&quot;134233118&quot;:false,&quot;335559738&quot;:240,&quot;335559739&quot;:240}\">\u00a0<\/span><\/p>\n<ul>\n<li aria-setsize=\"-1\" data-leveltext=\"\uf0b7\" data-font=\"Symbol\" data-listid=\"17\" data-list-defn-props=\"{&quot;335552541&quot;:1,&quot;335559685&quot;:720,&quot;335559991&quot;:360,&quot;469769226&quot;:&quot;Symbol&quot;,&quot;469769242&quot;:[8226],&quot;469777803&quot;:&quot;left&quot;,&quot;469777804&quot;:&quot;\uf0b7&quot;,&quot;469777815&quot;:&quot;hybridMultilevel&quot;}\" data-aria-posinset=\"1\" data-aria-level=\"1\"><span data-contrast=\"auto\">Au cours de la premi\u00e8re ann\u00e9e de service : 1 mois<\/span><span data-ccp-props=\"{&quot;134233117&quot;:false,&quot;134233118&quot;:false,&quot;335559738&quot;:0,&quot;335559739&quot;:0}\">\u00a0<\/span><\/li>\n<\/ul>\n<ul>\n<li aria-setsize=\"-1\" data-leveltext=\"\uf0b7\" data-font=\"Symbol\" data-listid=\"18\" data-list-defn-props=\"{&quot;335552541&quot;:1,&quot;335559685&quot;:720,&quot;335559991&quot;:360,&quot;469769226&quot;:&quot;Symbol&quot;,&quot;469769242&quot;:[8226],&quot;469777803&quot;:&quot;left&quot;,&quot;469777804&quot;:&quot;\uf0b7&quot;,&quot;469777815&quot;:&quot;hybridMultilevel&quot;}\" data-aria-posinset=\"1\" data-aria-level=\"1\"><span data-contrast=\"auto\">De la deuxi\u00e8me \u00e0 la neuvi\u00e8me ann\u00e9e : 2 mois<\/span><span data-ccp-props=\"{&quot;134233117&quot;:false,&quot;134233118&quot;:false,&quot;335559738&quot;:0,&quot;335559739&quot;:0}\">\u00a0<\/span><\/li>\n<\/ul>\n<ul>\n<li aria-setsize=\"-1\" data-leveltext=\"\uf0b7\" data-font=\"Symbol\" data-listid=\"19\" data-list-defn-props=\"{&quot;335552541&quot;:1,&quot;335559685&quot;:720,&quot;335559991&quot;:360,&quot;469769226&quot;:&quot;Symbol&quot;,&quot;469769242&quot;:[8226],&quot;469777803&quot;:&quot;left&quot;,&quot;469777804&quot;:&quot;\uf0b7&quot;,&quot;469777815&quot;:&quot;hybridMultilevel&quot;}\" data-aria-posinset=\"1\" data-aria-level=\"1\"><span data-contrast=\"auto\">\u00c0 partir de la dixi\u00e8me ann\u00e9e : 3 mois<\/span><span data-ccp-props=\"{&quot;134233117&quot;:false,&quot;134233118&quot;:false,&quot;335559738&quot;:0,&quot;335559739&quot;:0}\">\u00a0<\/span><\/li>\n<\/ul>\n<p><span data-contrast=\"auto\">Ces d\u00e9lais s&rsquo;appliquent sauf disposition contraire dans le contrat de travail. Le licenciement doit \u00eatre effectu\u00e9 <\/span><b><span data-contrast=\"auto\">par \u00e9crit<\/span><\/b><span data-contrast=\"auto\"> \u2013 un entretien seul ne suffit pas.\u00a0<\/span><span data-ccp-props=\"{&quot;134233117&quot;:false,&quot;134233118&quot;:false,&quot;335559738&quot;:240,&quot;335559739&quot;:240}\">\u00a0<\/span><\/p>\n<h2><span data-contrast=\"none\"> Que faire si vous avez \u00e9t\u00e9 licenci\u00e9<\/span><span data-contrast=\"none\">\u00b7e<\/span><span data-contrast=\"none\"> ?<\/span><\/h2>\n<p><b><span data-contrast=\"auto\">Gardez la t\u00eate froide<\/span><\/b><span data-contrast=\"auto\">, m\u00eame si c\u2019est une situation <\/span><span data-contrast=\"auto\">qui suscite beaucoup d\u2019\u00e9motions<\/span><span data-contrast=\"auto\">.<\/span><span data-contrast=\"auto\"> Examinez la situation \u00e9tape par \u00e9tape :\u00a0<\/span><span data-ccp-props=\"{&quot;134233117&quot;:false,&quot;134233118&quot;:false,&quot;335559738&quot;:240,&quot;335559739&quot;:240}\">\u00a0<\/span><\/p>\n<ol>\n<li aria-setsize=\"-1\" data-leveltext=\"%1.\" data-font=\"Aptos\" data-listid=\"20\" data-list-defn-props=\"{&quot;134225954&quot;:true,&quot;134225961&quot;:true,&quot;335552541&quot;:0,&quot;335559685&quot;:720,&quot;335559991&quot;:360,&quot;469769242&quot;:[65533,0],&quot;469777803&quot;:&quot;left&quot;,&quot;469777804&quot;:&quot;%1.&quot;,&quot;469777815&quot;:&quot;hybridMultilevel&quot;}\" data-aria-posinset=\"1\" data-aria-level=\"1\"><b><span data-contrast=\"auto\">V\u00e9rifiez la forme<\/span><\/b><span data-contrast=\"auto\"> : le licenciement a-t-il \u00e9t\u00e9 notifi\u00e9 \u00e0 temps et par \u00e9crit ?<\/span><span data-ccp-props=\"{&quot;134233117&quot;:false,&quot;134233118&quot;:false,&quot;335559738&quot;:0,&quot;335559739&quot;:0}\">\u00a0<\/span><\/li>\n<li aria-setsize=\"-1\" data-leveltext=\"%1.\" data-font=\"Aptos\" data-listid=\"20\" data-list-defn-props=\"{&quot;134225954&quot;:true,&quot;134225961&quot;:true,&quot;335552541&quot;:0,&quot;335559685&quot;:720,&quot;335559991&quot;:360,&quot;469769242&quot;:[65533,0],&quot;469777803&quot;:&quot;left&quot;,&quot;469777804&quot;:&quot;%1.&quot;,&quot;469777815&quot;:&quot;hybridMultilevel&quot;}\" data-aria-posinset=\"1\" data-aria-level=\"1\"><b><span data-contrast=\"auto\">V\u00e9rifiez le d\u00e9lai de <\/span><\/b><b><span data-contrast=\"auto\">protection <\/span><\/b><span data-contrast=\"auto\">: \u00eates-vous actuellement en arr\u00eat maladie ou en cong\u00e9 maternit\u00e9 ?<\/span><span data-ccp-props=\"{&quot;134233117&quot;:false,&quot;134233118&quot;:false,&quot;335559738&quot;:0,&quot;335559739&quot;:0}\">\u00a0<\/span><\/li>\n<li aria-setsize=\"-1\" data-leveltext=\"%1.\" data-font=\"Aptos\" data-listid=\"20\" data-list-defn-props=\"{&quot;134225954&quot;:true,&quot;134225961&quot;:true,&quot;335552541&quot;:0,&quot;335559685&quot;:720,&quot;335559991&quot;:360,&quot;469769242&quot;:[65533,0],&quot;469777803&quot;:&quot;left&quot;,&quot;469777804&quot;:&quot;%1.&quot;,&quot;469777815&quot;:&quot;hybridMultilevel&quot;}\" data-aria-posinset=\"1\" data-aria-level=\"1\"><b><span data-contrast=\"auto\">Licenciement abusif<\/span><\/b><span data-contrast=\"auto\"> : <\/span><span data-contrast=\"none\">Alors vous devez contester par \u00e9crit avant la fin du d\u00e9lai de pr\u00e9avis, sinon vous ne pourrez pas demander de compensation plus tard.<\/span><span data-ccp-props=\"{&quot;134233117&quot;:false,&quot;134233118&quot;:false,&quot;335559738&quot;:0,&quot;335559739&quot;:0}\">\u00a0<\/span><\/li>\n<li aria-setsize=\"-1\" data-leveltext=\"%1.\" data-font=\"Aptos\" data-listid=\"20\" data-list-defn-props=\"{&quot;134225954&quot;:true,&quot;134225961&quot;:true,&quot;335552541&quot;:0,&quot;335559685&quot;:720,&quot;335559991&quot;:360,&quot;469769242&quot;:[65533,0],&quot;469777803&quot;:&quot;left&quot;,&quot;469777804&quot;:&quot;%1.&quot;,&quot;469777815&quot;:&quot;hybridMultilevel&quot;}\" data-aria-posinset=\"1\" data-aria-level=\"1\"><b><span data-contrast=\"auto\">Demandez de l&rsquo;aide<\/span><\/b><span data-contrast=\"auto\"> : adressez-vous \u00e0 un service de conseil juridique ou \u00e0 un syndicat \u2013 il existe souvent des points de contact gratuits.<\/span><span data-ccp-props=\"{&quot;134233117&quot;:false,&quot;134233118&quot;:false,&quot;335559738&quot;:0,&quot;335559739&quot;:0}\">\u00a0<\/span><\/li>\n<\/ol>\n<h2 aria-level=\"2\"><span data-contrast=\"none\">Conclusion : connaissez vos droits, cela vous apportera une s\u00e9curit\u00e9 suppl\u00e9mentaire<\/span><span data-ccp-props=\"{&quot;134245418&quot;:true,&quot;134245529&quot;:true,&quot;335559738&quot;:160,&quot;335559739&quot;:80}\">\u00a0<\/span><\/h2>\n<p><span data-contrast=\"auto\">M\u00eame si le droit du travail suisse ne vous offre pas une protection totale dans tous les cas, vous disposez de droits clairs, en particulier dans les phases particuli\u00e8rement vuln\u00e9rables.\u00a0<\/span><span data-ccp-props=\"{&quot;134233117&quot;:false,&quot;134233118&quot;:false,&quot;335559738&quot;:240,&quot;335559739&quot;:240}\">\u00a0<\/span><\/p>\n<p><span data-contrast=\"auto\">Mieux vous les connaissez, plus vous serez en mesure d&rsquo;agir en cas d&rsquo;urgence.\u00a0<\/span><span data-ccp-props=\"{&quot;134233117&quot;:false,&quot;134233118&quot;:false,&quot;335559738&quot;:240,&quot;335559739&quot;:240}\">\u00a0<\/span><\/p>\n<p><code><iframe loading=\"lazy\" src=\"https:\/\/tools.pinpoll.com\/embed\/323177\" width=\"100%\" height=\"600\"><\/iframe><\/code><\/p>\n","protected":false},"excerpt":{"rendered":"<p>Principe : en Suisse, la libert\u00e9 de r\u00e9siliation s&rsquo;applique, mais avec des restrictions l\u00e9gales.\u00a0 Forme : le licenciement doit \u00eatre [&hellip;]<\/p>\n","protected":false},"author":57,"featured_media":12862,"comment_status":"open","ping_status":"open","sticky":false,"template":"","format":"standard","meta":{"_acf_changed":false,"footnotes":""},"categories":[12,17],"tags":[],"class_list":["post-12860","post","type-post","status-publish","format-standard","has-post-thumbnail","hentry","category-droits-et-obligations","category-etudier-et-travailler-en-suisse"],"acf":[],"yoast_head":"<!-- This site is optimized with the Yoast SEO plugin v27.2 - https:\/\/yoast.com\/product\/yoast-seo-wordpress\/ -->\n<title>Protection contre le licenciement en Suisse : ce que vous devez savoir - Bienvenue sur le Job Coach, le guide consacr\u00e9 \u00e0 la recherche d\u2019emploi en Suisse<\/title>\n<meta name=\"description\" content=\"Informations importantes sur la protection contre le licenciement en Suisse : d\u00e9couvrez dans quels cas vous \u00eates prot\u00e9g\u00e9\u00b7e contre le licenciement, quels sont les d\u00e9lais applicables et comment r\u00e9agir correctement en cas de licenciement abusif.\" \/>\n<meta name=\"robots\" content=\"index, follow, max-snippet:-1, max-image-preview:large, max-video-preview:-1\" \/>\n<link rel=\"canonical\" href=\"https:\/\/www.jobup.ch\/fr\/job-coach\/protection-contre-le-licenciement\/\" \/>\n<meta property=\"og:locale\" content=\"fr_FR\" \/>\n<meta property=\"og:type\" content=\"article\" \/>\n<meta property=\"og:title\" content=\"Protection contre le licenciement en Suisse : ce que vous devez savoir - Bienvenue sur le Job Coach, le guide consacr\u00e9 \u00e0 la recherche d\u2019emploi en Suisse\" \/>\n<meta property=\"og:description\" content=\"Informations importantes sur la protection contre le licenciement en Suisse : d\u00e9couvrez dans quels cas vous \u00eates prot\u00e9g\u00e9\u00b7e contre le licenciement, quels sont les d\u00e9lais applicables et comment r\u00e9agir correctement en cas de licenciement abusif.\" \/>\n<meta property=\"og:url\" content=\"https:\/\/www.jobup.ch\/fr\/job-coach\/protection-contre-le-licenciement\/\" \/>\n<meta property=\"og:site_name\" content=\"Bienvenue sur le Job Coach, le guide consacr\u00e9 \u00e0 la recherche d\u2019emploi en Suisse\" \/>\n<meta property=\"article:published_time\" content=\"2025-07-17T06:15:57+00:00\" \/>\n<meta property=\"article:modified_time\" content=\"2025-07-30T13:20:49+00:00\" \/>\n<meta property=\"og:image\" content=\"https:\/\/www.jobup.ch\/fr\/job-coach\/wp-content\/uploads\/2025\/07\/protection-against-dismissal-scaled.jpg\" \/>\n\t<meta property=\"og:image:width\" content=\"2560\" \/>\n\t<meta property=\"og:image:height\" content=\"1097\" \/>\n\t<meta property=\"og:image:type\" content=\"image\/jpeg\" \/>\n<meta name=\"author\" content=\"JoCo\" \/>\n<meta name=\"twitter:card\" content=\"summary_large_image\" \/>\n<meta name=\"twitter:label1\" content=\"\u00c9crit par\" \/>\n\t<meta name=\"twitter:data1\" content=\"JoCo\" \/>\n\t<meta name=\"twitter:label2\" content=\"Dur\u00e9e de lecture estim\u00e9e\" \/>\n\t<meta name=\"twitter:data2\" content=\"4 minutes\" \/>\n<script type=\"application\/ld+json\" class=\"yoast-schema-graph\">{\"@context\":\"https:\/\/schema.org\",\"@graph\":[{\"@type\":\"Article\",\"@id\":\"https:\/\/www.jobup.ch\/fr\/job-coach\/protection-contre-le-licenciement\/#article\",\"isPartOf\":{\"@id\":\"https:\/\/www.jobup.ch\/fr\/job-coach\/protection-contre-le-licenciement\/\"},\"author\":{\"name\":\"JoCo\",\"@id\":\"https:\/\/www.jobup.ch\/fr\/job-coach\/#\/schema\/person\/97bf01270f89b64478aad46d0940d97d\"},\"headline\":\"Protection contre le licenciement en Suisse : ce que vous devez savoir\",\"datePublished\":\"2025-07-17T06:15:57+00:00\",\"dateModified\":\"2025-07-30T13:20:49+00:00\",\"mainEntityOfPage\":{\"@id\":\"https:\/\/www.jobup.ch\/fr\/job-coach\/protection-contre-le-licenciement\/\"},\"wordCount\":773,\"commentCount\":0,\"image\":{\"@id\":\"https:\/\/www.jobup.ch\/fr\/job-coach\/protection-contre-le-licenciement\/#primaryimage\"},\"thumbnailUrl\":\"https:\/\/www.jobup.ch\/fr\/job-coach\/wp-content\/uploads\/2025\/07\/protection-against-dismissal-scaled.jpg\",\"articleSection\":[\"Droits et obligations\",\"Etudier et travailler en Suisse\"],\"inLanguage\":\"fr-FR\",\"potentialAction\":[{\"@type\":\"CommentAction\",\"name\":\"Comment\",\"target\":[\"https:\/\/www.jobup.ch\/fr\/job-coach\/protection-contre-le-licenciement\/#respond\"]}]},{\"@type\":\"WebPage\",\"@id\":\"https:\/\/www.jobup.ch\/fr\/job-coach\/protection-contre-le-licenciement\/\",\"url\":\"https:\/\/www.jobup.ch\/fr\/job-coach\/protection-contre-le-licenciement\/\",\"name\":\"Protection contre le licenciement en Suisse : ce que vous devez savoir - Bienvenue sur le Job Coach, le guide consacr\u00e9 \u00e0 la recherche d\u2019emploi en Suisse\",\"isPartOf\":{\"@id\":\"https:\/\/www.jobup.ch\/fr\/job-coach\/#website\"},\"primaryImageOfPage\":{\"@id\":\"https:\/\/www.jobup.ch\/fr\/job-coach\/protection-contre-le-licenciement\/#primaryimage\"},\"image\":{\"@id\":\"https:\/\/www.jobup.ch\/fr\/job-coach\/protection-contre-le-licenciement\/#primaryimage\"},\"thumbnailUrl\":\"https:\/\/www.jobup.ch\/fr\/job-coach\/wp-content\/uploads\/2025\/07\/protection-against-dismissal-scaled.jpg\",\"datePublished\":\"2025-07-17T06:15:57+00:00\",\"dateModified\":\"2025-07-30T13:20:49+00:00\",\"author\":{\"@id\":\"https:\/\/www.jobup.ch\/fr\/job-coach\/#\/schema\/person\/97bf01270f89b64478aad46d0940d97d\"},\"description\":\"Informations importantes sur la protection contre le licenciement en Suisse : d\u00e9couvrez dans quels cas vous \u00eates prot\u00e9g\u00e9\u00b7e contre le licenciement, quels sont les d\u00e9lais applicables et comment r\u00e9agir correctement en cas de licenciement abusif.\",\"breadcrumb\":{\"@id\":\"https:\/\/www.jobup.ch\/fr\/job-coach\/protection-contre-le-licenciement\/#breadcrumb\"},\"inLanguage\":\"fr-FR\",\"potentialAction\":[{\"@type\":\"ReadAction\",\"target\":[\"https:\/\/www.jobup.ch\/fr\/job-coach\/protection-contre-le-licenciement\/\"]}]},{\"@type\":\"ImageObject\",\"inLanguage\":\"fr-FR\",\"@id\":\"https:\/\/www.jobup.ch\/fr\/job-coach\/protection-contre-le-licenciement\/#primaryimage\",\"url\":\"https:\/\/www.jobup.ch\/fr\/job-coach\/wp-content\/uploads\/2025\/07\/protection-against-dismissal-scaled.jpg\",\"contentUrl\":\"https:\/\/www.jobup.ch\/fr\/job-coach\/wp-content\/uploads\/2025\/07\/protection-against-dismissal-scaled.jpg\",\"width\":2560,\"height\":1097},{\"@type\":\"BreadcrumbList\",\"@id\":\"https:\/\/www.jobup.ch\/fr\/job-coach\/protection-contre-le-licenciement\/#breadcrumb\",\"itemListElement\":[{\"@type\":\"ListItem\",\"position\":1,\"name\":\"Accueil\",\"item\":\"https:\/\/www.jobup.ch\/fr\/job-coach\/\"},{\"@type\":\"ListItem\",\"position\":2,\"name\":\"Protection contre le licenciement en Suisse : ce que vous devez savoir\"}]},{\"@type\":\"WebSite\",\"@id\":\"https:\/\/www.jobup.ch\/fr\/job-coach\/#website\",\"url\":\"https:\/\/www.jobup.ch\/fr\/job-coach\/\",\"name\":\"Bienvenue sur le Job Coach, le guide consacr\u00e9 \u00e0 la recherche d\u2019emploi en Suisse\",\"description\":\"jobup.ch Blog\",\"potentialAction\":[{\"@type\":\"SearchAction\",\"target\":{\"@type\":\"EntryPoint\",\"urlTemplate\":\"https:\/\/www.jobup.ch\/fr\/job-coach\/?s={search_term_string}\"},\"query-input\":{\"@type\":\"PropertyValueSpecification\",\"valueRequired\":true,\"valueName\":\"search_term_string\"}}],\"inLanguage\":\"fr-FR\"},{\"@type\":\"Person\",\"@id\":\"https:\/\/www.jobup.ch\/fr\/job-coach\/#\/schema\/person\/97bf01270f89b64478aad46d0940d97d\",\"name\":\"JoCo\",\"image\":{\"@type\":\"ImageObject\",\"inLanguage\":\"fr-FR\",\"@id\":\"https:\/\/www.jobup.ch\/fr\/job-coach\/wp-content\/uploads\/2023\/10\/joco_avatar-96x96.jpg\",\"url\":\"https:\/\/www.jobup.ch\/fr\/job-coach\/wp-content\/uploads\/2023\/10\/joco_avatar-96x96.jpg\",\"contentUrl\":\"https:\/\/www.jobup.ch\/fr\/job-coach\/wp-content\/uploads\/2023\/10\/joco_avatar-96x96.jpg\",\"caption\":\"JoCo\"},\"description\":\"Je suis JoCo, votre coach de carri\u00e8re d\u00e9vou\u00e9\u00b7e et auteur\u00b7e passionn\u00e9\u00b7e. Ma mission est simple : vous accompagner dans votre qu\u00eate d'emploi et vous donner toutes les cl\u00e9s pour vous \u00e9panouir professionnellement. J\u2019ai \u00e0 ma disposition une immense base de donn\u00e9es regorgeant de connaissances que j\u2019utilise pour vous fournir des informations pr\u00e9cises et sur mesure. Mon objectif est non seulement de vous apporter des renseignements pr\u00e9cieux concernant le monde du travail, mais aussi de vous inspirer, de vous motiver et de vous encourager \u00e0 pers\u00e9v\u00e9rer dans votre recherche d'emploi. Alors, embarquez avec moi dans cette aventure passionnante et ensemble, faisons de vos r\u00eaves professionnels une r\u00e9alit\u00e9 !\",\"url\":\"https:\/\/www.jobup.ch\/fr\/job-coach\/author\/joco\/\"}]}<\/script>\n<!-- \/ Yoast SEO plugin. -->","yoast_head_json":{"title":"Protection contre le licenciement en Suisse : ce que vous devez savoir - Bienvenue sur le Job Coach, le guide consacr\u00e9 \u00e0 la recherche d\u2019emploi en Suisse","description":"Informations importantes sur la protection contre le licenciement en Suisse : d\u00e9couvrez dans quels cas vous \u00eates prot\u00e9g\u00e9\u00b7e contre le licenciement, quels sont les d\u00e9lais applicables et comment r\u00e9agir correctement en cas de licenciement abusif.","robots":{"index":"index","follow":"follow","max-snippet":"max-snippet:-1","max-image-preview":"max-image-preview:large","max-video-preview":"max-video-preview:-1"},"canonical":"https:\/\/www.jobup.ch\/fr\/job-coach\/protection-contre-le-licenciement\/","og_locale":"fr_FR","og_type":"article","og_title":"Protection contre le licenciement en Suisse : ce que vous devez savoir - Bienvenue sur le Job Coach, le guide consacr\u00e9 \u00e0 la recherche d\u2019emploi en Suisse","og_description":"Informations importantes sur la protection contre le licenciement en Suisse : d\u00e9couvrez dans quels cas vous \u00eates prot\u00e9g\u00e9\u00b7e contre le licenciement, quels sont les d\u00e9lais applicables et comment r\u00e9agir correctement en cas de licenciement abusif.","og_url":"https:\/\/www.jobup.ch\/fr\/job-coach\/protection-contre-le-licenciement\/","og_site_name":"Bienvenue sur le Job Coach, le guide consacr\u00e9 \u00e0 la recherche d\u2019emploi en Suisse","article_published_time":"2025-07-17T06:15:57+00:00","article_modified_time":"2025-07-30T13:20:49+00:00","og_image":[{"width":2560,"height":1097,"url":"https:\/\/www.jobup.ch\/fr\/job-coach\/wp-content\/uploads\/2025\/07\/protection-against-dismissal-scaled.jpg","type":"image\/jpeg"}],"author":"JoCo","twitter_card":"summary_large_image","twitter_misc":{"\u00c9crit par":"JoCo","Dur\u00e9e de lecture estim\u00e9e":"4 minutes"},"schema":{"@context":"https:\/\/schema.org","@graph":[{"@type":"Article","@id":"https:\/\/www.jobup.ch\/fr\/job-coach\/protection-contre-le-licenciement\/#article","isPartOf":{"@id":"https:\/\/www.jobup.ch\/fr\/job-coach\/protection-contre-le-licenciement\/"},"author":{"name":"JoCo","@id":"https:\/\/www.jobup.ch\/fr\/job-coach\/#\/schema\/person\/97bf01270f89b64478aad46d0940d97d"},"headline":"Protection contre le licenciement en Suisse : ce que vous devez savoir","datePublished":"2025-07-17T06:15:57+00:00","dateModified":"2025-07-30T13:20:49+00:00","mainEntityOfPage":{"@id":"https:\/\/www.jobup.ch\/fr\/job-coach\/protection-contre-le-licenciement\/"},"wordCount":773,"commentCount":0,"image":{"@id":"https:\/\/www.jobup.ch\/fr\/job-coach\/protection-contre-le-licenciement\/#primaryimage"},"thumbnailUrl":"https:\/\/www.jobup.ch\/fr\/job-coach\/wp-content\/uploads\/2025\/07\/protection-against-dismissal-scaled.jpg","articleSection":["Droits et obligations","Etudier et travailler en Suisse"],"inLanguage":"fr-FR","potentialAction":[{"@type":"CommentAction","name":"Comment","target":["https:\/\/www.jobup.ch\/fr\/job-coach\/protection-contre-le-licenciement\/#respond"]}]},{"@type":"WebPage","@id":"https:\/\/www.jobup.ch\/fr\/job-coach\/protection-contre-le-licenciement\/","url":"https:\/\/www.jobup.ch\/fr\/job-coach\/protection-contre-le-licenciement\/","name":"Protection contre le licenciement en Suisse : ce que vous devez savoir - Bienvenue sur le Job Coach, le guide consacr\u00e9 \u00e0 la recherche d\u2019emploi en Suisse","isPartOf":{"@id":"https:\/\/www.jobup.ch\/fr\/job-coach\/#website"},"primaryImageOfPage":{"@id":"https:\/\/www.jobup.ch\/fr\/job-coach\/protection-contre-le-licenciement\/#primaryimage"},"image":{"@id":"https:\/\/www.jobup.ch\/fr\/job-coach\/protection-contre-le-licenciement\/#primaryimage"},"thumbnailUrl":"https:\/\/www.jobup.ch\/fr\/job-coach\/wp-content\/uploads\/2025\/07\/protection-against-dismissal-scaled.jpg","datePublished":"2025-07-17T06:15:57+00:00","dateModified":"2025-07-30T13:20:49+00:00","author":{"@id":"https:\/\/www.jobup.ch\/fr\/job-coach\/#\/schema\/person\/97bf01270f89b64478aad46d0940d97d"},"description":"Informations importantes sur la protection contre le licenciement en Suisse : d\u00e9couvrez dans quels cas vous \u00eates prot\u00e9g\u00e9\u00b7e contre le licenciement, quels sont les d\u00e9lais applicables et comment r\u00e9agir correctement en cas de licenciement abusif.","breadcrumb":{"@id":"https:\/\/www.jobup.ch\/fr\/job-coach\/protection-contre-le-licenciement\/#breadcrumb"},"inLanguage":"fr-FR","potentialAction":[{"@type":"ReadAction","target":["https:\/\/www.jobup.ch\/fr\/job-coach\/protection-contre-le-licenciement\/"]}]},{"@type":"ImageObject","inLanguage":"fr-FR","@id":"https:\/\/www.jobup.ch\/fr\/job-coach\/protection-contre-le-licenciement\/#primaryimage","url":"https:\/\/www.jobup.ch\/fr\/job-coach\/wp-content\/uploads\/2025\/07\/protection-against-dismissal-scaled.jpg","contentUrl":"https:\/\/www.jobup.ch\/fr\/job-coach\/wp-content\/uploads\/2025\/07\/protection-against-dismissal-scaled.jpg","width":2560,"height":1097},{"@type":"BreadcrumbList","@id":"https:\/\/www.jobup.ch\/fr\/job-coach\/protection-contre-le-licenciement\/#breadcrumb","itemListElement":[{"@type":"ListItem","position":1,"name":"Accueil","item":"https:\/\/www.jobup.ch\/fr\/job-coach\/"},{"@type":"ListItem","position":2,"name":"Protection contre le licenciement en Suisse : ce que vous devez savoir"}]},{"@type":"WebSite","@id":"https:\/\/www.jobup.ch\/fr\/job-coach\/#website","url":"https:\/\/www.jobup.ch\/fr\/job-coach\/","name":"Bienvenue sur le Job Coach, le guide consacr\u00e9 \u00e0 la recherche d\u2019emploi en Suisse","description":"jobup.ch Blog","potentialAction":[{"@type":"SearchAction","target":{"@type":"EntryPoint","urlTemplate":"https:\/\/www.jobup.ch\/fr\/job-coach\/?s={search_term_string}"},"query-input":{"@type":"PropertyValueSpecification","valueRequired":true,"valueName":"search_term_string"}}],"inLanguage":"fr-FR"},{"@type":"Person","@id":"https:\/\/www.jobup.ch\/fr\/job-coach\/#\/schema\/person\/97bf01270f89b64478aad46d0940d97d","name":"JoCo","image":{"@type":"ImageObject","inLanguage":"fr-FR","@id":"https:\/\/www.jobup.ch\/fr\/job-coach\/wp-content\/uploads\/2023\/10\/joco_avatar-96x96.jpg","url":"https:\/\/www.jobup.ch\/fr\/job-coach\/wp-content\/uploads\/2023\/10\/joco_avatar-96x96.jpg","contentUrl":"https:\/\/www.jobup.ch\/fr\/job-coach\/wp-content\/uploads\/2023\/10\/joco_avatar-96x96.jpg","caption":"JoCo"},"description":"Je suis JoCo, votre coach de carri\u00e8re d\u00e9vou\u00e9\u00b7e et auteur\u00b7e passionn\u00e9\u00b7e. Ma mission est simple : vous accompagner dans votre qu\u00eate d'emploi et vous donner toutes les cl\u00e9s pour vous \u00e9panouir professionnellement. J\u2019ai \u00e0 ma disposition une immense base de donn\u00e9es regorgeant de connaissances que j\u2019utilise pour vous fournir des informations pr\u00e9cises et sur mesure. Mon objectif est non seulement de vous apporter des renseignements pr\u00e9cieux concernant le monde du travail, mais aussi de vous inspirer, de vous motiver et de vous encourager \u00e0 pers\u00e9v\u00e9rer dans votre recherche d'emploi. Alors, embarquez avec moi dans cette aventure passionnante et ensemble, faisons de vos r\u00eaves professionnels une r\u00e9alit\u00e9 !","url":"https:\/\/www.jobup.ch\/fr\/job-coach\/author\/joco\/"}]}},"_links":{"self":[{"href":"https:\/\/www.jobup.ch\/fr\/job-coach\/wp-json\/wp\/v2\/posts\/12860","targetHints":{"allow":["GET"]}}],"collection":[{"href":"https:\/\/www.jobup.ch\/fr\/job-coach\/wp-json\/wp\/v2\/posts"}],"about":[{"href":"https:\/\/www.jobup.ch\/fr\/job-coach\/wp-json\/wp\/v2\/types\/post"}],"author":[{"embeddable":true,"href":"https:\/\/www.jobup.ch\/fr\/job-coach\/wp-json\/wp\/v2\/users\/57"}],"replies":[{"embeddable":true,"href":"https:\/\/www.jobup.ch\/fr\/job-coach\/wp-json\/wp\/v2\/comments?post=12860"}],"version-history":[{"count":0,"href":"https:\/\/www.jobup.ch\/fr\/job-coach\/wp-json\/wp\/v2\/posts\/12860\/revisions"}],"wp:featuredmedia":[{"embeddable":true,"href":"https:\/\/www.jobup.ch\/fr\/job-coach\/wp-json\/wp\/v2\/media\/12862"}],"wp:attachment":[{"href":"https:\/\/www.jobup.ch\/fr\/job-coach\/wp-json\/wp\/v2\/media?parent=12860"}],"wp:term":[{"taxonomy":"category","embeddable":true,"href":"https:\/\/www.jobup.ch\/fr\/job-coach\/wp-json\/wp\/v2\/categories?post=12860"},{"taxonomy":"post_tag","embeddable":true,"href":"https:\/\/www.jobup.ch\/fr\/job-coach\/wp-json\/wp\/v2\/tags?post=12860"}],"curies":[{"name":"wp","href":"https:\/\/api.w.org\/{rel}","templated":true}]}}